{"id":49335,"date":"2025-12-03T21:29:50","date_gmt":"2025-12-04T01:29:50","guid":{"rendered":"https:\/\/ciudadtrujillo.com\/?p=49335"},"modified":"2025-12-03T21:29:50","modified_gmt":"2025-12-04T01:29:50","slug":"brics-debaten-en-moscu-lucha-contra-el-terrorismo","status":"publish","type":"post","link":"https:\/\/ciudadtrujillo.com\/?p=49335","title":{"rendered":"Brics debaten en Mosc\u00fa lucha contra el terrorismo"},"content":{"rendered":"<p style=\"text-align: justify;\">La Conferencia Antiterrorista de los Brics+ 2025 comenz\u00f3 este mi\u00e9rcoles en Mosc\u00fa con la participaci\u00f3n de m\u00e1s de 100 responsables y especialistas de la lucha contra el terrorismo y el extremismo de los pa\u00edses del bloque y sus naciones asociadas.<\/p>\n<p style=\"text-align: justify;\">Entre los objetivos del foro, que terminar\u00e1 este jueves, est\u00e1 el de mejorar la coordinaci\u00f3n e intercambiar las mejores pr\u00e1cticas en la materia, as\u00ed como hacerle frente a los canales de financiamiento de la actividad terrorista.<\/p>\n<p style=\"text-align: justify;\">Tambi\u00e9n analizar\u00e1n el uso de las herramientas de las telecomunicaciones para el mismo fin, especialmente para la propagaci\u00f3n de ideolog\u00edas de car\u00e1cter extremista.<\/p>\n<p style=\"text-align: justify;\">Se ha establecido una mesa redonda en la cual debatir\u00e1n los mecanismos para perfeccionar la cooperaci\u00f3n de los Brics+ en esta lucha.<\/p>\n<p>&nbsp;<\/p>\n<p>&nbsp;<\/p>\n<h6>\u00daltimas Noticias<\/h6>\n","protected":false},"excerpt":{"rendered":"<p>La Conferencia Antiterrorista de los Brics+ 2025 comenz\u00f3 este mi\u00e9rcoles en Mosc\u00fa con la participaci\u00f3n de m\u00e1s de 100 responsables y especialistas de la lucha contra el terrorismo y el&hellip; <\/p>\n","protected":false},"author":7,"featured_media":49336,"comment_status":"closed","ping_status":"closed","sticky":false,"template":"","format":"standard","meta":{"footnotes":""},"categories":[42],"tags":[],"class_list":["post-49335","post","type-post","status-publish","format-standard","has-post-thumbnail","hentry","category-mundo"],"_links":{"self":[{"href":"https:\/\/ciudadtrujillo.com\/index.php?rest_route=\/wp\/v2\/posts\/49335","targetHints":{"allow":["GET"]}}],"collection":[{"href":"https:\/\/ciudadtrujillo.com\/index.php?rest_route=\/wp\/v2\/posts"}],"about":[{"href":"https:\/\/ciudadtrujillo.com\/index.php?rest_route=\/wp\/v2\/types\/post"}],"author":[{"embeddable":true,"href":"https:\/\/ciudadtrujillo.com\/index.php?rest_route=\/wp\/v2\/users\/7"}],"replies":[{"embeddable":true,"href":"https:\/\/ciudadtrujillo.com\/index.php?rest_route=%2Fwp%2Fv2%2Fcomments&post=49335"}],"version-history":[{"count":1,"href":"https:\/\/ciudadtrujillo.com\/index.php?rest_route=\/wp\/v2\/posts\/49335\/revisions"}],"predecessor-version":[{"id":49337,"href":"https:\/\/ciudadtrujillo.com\/index.php?rest_route=\/wp\/v2\/posts\/49335\/revisions\/49337"}],"wp:featuredmedia":[{"embeddable":true,"href":"https:\/\/ciudadtrujillo.com\/index.php?rest_route=\/wp\/v2\/media\/49336"}],"wp:attachment":[{"href":"https:\/\/ciudadtrujillo.com\/index.php?rest_route=%2Fwp%2Fv2%2Fmedia&parent=49335"}],"wp:term":[{"taxonomy":"category","embeddable":true,"href":"https:\/\/ciudadtrujillo.com\/index.php?rest_route=%2Fwp%2Fv2%2Fcategories&post=49335"},{"taxonomy":"post_tag","embeddable":true,"href":"https:\/\/ciudadtrujillo.com\/index.php?rest_route=%2Fwp%2Fv2%2Ftags&post=49335"}],"curies":[{"name":"wp","href":"https:\/\/api.w.org\/{rel}","templated":true}]}}