{"id":49332,"date":"2025-12-03T21:27:48","date_gmt":"2025-12-04T01:27:48","guid":{"rendered":"https:\/\/ciudadtrujillo.com\/?p=49332"},"modified":"2025-12-03T21:27:48","modified_gmt":"2025-12-04T01:27:48","slug":"aterriza-vuelo-del-plan-de-vuelta-a-la-patria-con-266-venezolanos-desde-ee-uu","status":"publish","type":"post","link":"https:\/\/ciudadtrujillo.com\/?p=49332","title":{"rendered":"Aterriza vuelo del Plan de Vuelta a la Patria con 266 venezolanos desde EE. UU."},"content":{"rendered":"<p style=\"text-align: justify;\">A trav\u00e9s del Plan Vuelta a la Patria arrib\u00f3 al Aeropuerto Internacional Sim\u00f3n Bol\u00edvar de Maiquet\u00eda el vuelo n\u00famero 95 de este a\u00f1o, procedente de Estados Unidos (EE. UU.), con 266 migrantes venezolanos que solicitaron su retorno voluntario. En tal sentido, el ministro de Relaciones Exteriores, Yv\u00e1n Gil, inform\u00f3 que \u201ccon estos compatriotas que est\u00e1n llegando desde los Estados Unidos tenemos 18 mil 354 que retornan libremente a la patria venezolana\u201d.<\/p>\n<p style=\"text-align: justify;\">Al respecto, Gil precis\u00f3 que \u201cdesde Estados Unidos alcanzamos la cifra de 14 mil 407 compatriotas que resid\u00edan en ese pa\u00eds. En el vuelo de hoy retornan 266 venezolanos, gracias al esfuerzo del Gobierno Bolivariano. Este traslado se realiz\u00f3 con la aerol\u00ednea Eastern, de matr\u00edcula norteamericana, cuya operaci\u00f3n fue aprobada por las autoridades aeron\u00e1uticas y el Presidente Maduro para el ingreso de esta aeronave a territorio venezolano, lo que permiti\u00f3 concretar el retorno seguro de nuestros ciudadanos\u201d.<\/p>\n<p style=\"text-align: justify;\">De igual modo, el titular del despacho para Relaciones Exteriores, a\u00f1adi\u00f3 que \u201ccon todo el equipo del Plan Vuelta a la Patria, vemos que se garantiza la paz, la soberan\u00eda nacional de su espacio a\u00e9reo y la incorporaci\u00f3n de los repatriados en proyectos econ\u00f3micos y sociales de la naci\u00f3n. A partir de hoy estar\u00e1n con sus familias, fortaleciendo el crecimiento social del pa\u00eds\u201d.<\/p>\n<p style=\"text-align: justify;\">Los repatriados fueron recibidos por autoridades nacionales y personal de atenci\u00f3n integral en Maiquet\u00eda, quienes acompa\u00f1aron el proceso de llegada y ofrecieron asistencia inmediata. El operativo reafirma el compromiso institucional de brindar apoyo a los venezolanos que deciden regresar.<\/p>\n<p>&nbsp;<\/p>\n<p>&nbsp;<\/p>\n<h6>VTV<\/h6>\n","protected":false},"excerpt":{"rendered":"<p>A trav\u00e9s del Plan Vuelta a la Patria arrib\u00f3 al Aeropuerto Internacional Sim\u00f3n Bol\u00edvar de Maiquet\u00eda el vuelo n\u00famero 95 de este a\u00f1o, procedente de Estados Unidos (EE. UU.), con&hellip; <\/p>\n","protected":false},"author":7,"featured_media":49333,"comment_status":"closed","ping_status":"closed","sticky":false,"template":"","format":"standard","meta":{"footnotes":""},"categories":[41],"tags":[],"class_list":["post-49332","post","type-post","status-publish","format-standard","has-post-thumbnail","hentry","category-pais"],"_links":{"self":[{"href":"https:\/\/ciudadtrujillo.com\/index.php?rest_route=\/wp\/v2\/posts\/49332","targetHints":{"allow":["GET"]}}],"collection":[{"href":"https:\/\/ciudadtrujillo.com\/index.php?rest_route=\/wp\/v2\/posts"}],"about":[{"href":"https:\/\/ciudadtrujillo.com\/index.php?rest_route=\/wp\/v2\/types\/post"}],"author":[{"embeddable":true,"href":"https:\/\/ciudadtrujillo.com\/index.php?rest_route=\/wp\/v2\/users\/7"}],"replies":[{"embeddable":true,"href":"https:\/\/ciudadtrujillo.com\/index.php?rest_route=%2Fwp%2Fv2%2Fcomments&post=49332"}],"version-history":[{"count":1,"href":"https:\/\/ciudadtrujillo.com\/index.php?rest_route=\/wp\/v2\/posts\/49332\/revisions"}],"predecessor-version":[{"id":49334,"href":"https:\/\/ciudadtrujillo.com\/index.php?rest_route=\/wp\/v2\/posts\/49332\/revisions\/49334"}],"wp:featuredmedia":[{"embeddable":true,"href":"https:\/\/ciudadtrujillo.com\/index.php?rest_route=\/wp\/v2\/media\/49333"}],"wp:attachment":[{"href":"https:\/\/ciudadtrujillo.com\/index.php?rest_route=%2Fwp%2Fv2%2Fmedia&parent=49332"}],"wp:term":[{"taxonomy":"category","embeddable":true,"href":"https:\/\/ciudadtrujillo.com\/index.php?rest_route=%2Fwp%2Fv2%2Fcategories&post=49332"},{"taxonomy":"post_tag","embeddable":true,"href":"https:\/\/ciudadtrujillo.com\/index.php?rest_route=%2Fwp%2Fv2%2Ftags&post=49332"}],"curies":[{"name":"wp","href":"https:\/\/api.w.org\/{rel}","templated":true}]}}