{"id":49324,"date":"2025-12-02T22:35:54","date_gmt":"2025-12-03T02:35:54","guid":{"rendered":"https:\/\/ciudadtrujillo.com\/?p=49324"},"modified":"2025-12-02T22:35:54","modified_gmt":"2025-12-03T02:35:54","slug":"comunidades-de-la-ceiba-se-organizan-con-apoyo-de-cantv-para-mejorar-sus-telecomunicaciones","status":"publish","type":"post","link":"https:\/\/ciudadtrujillo.com\/?p=49324","title":{"rendered":"Comunidades de La Ceiba se organizan con apoyo de Cantv para mejorar sus telecomunicaciones"},"content":{"rendered":"<p style=\"text-align: justify;\">Con el objetivo de optimizar la comunicaci\u00f3n y fortalecer la organizaci\u00f3n comunitaria, personal de Cantv en el estado Trujillo sostuvo un encuentro con la Mesa T\u00e9cnica de Telecomunicaciones (MTT) Santa Apolonia, en el municipio La Ceiba.<\/p>\n<p style=\"text-align: justify;\">La reuni\u00f3n se centr\u00f3 en la actualizaci\u00f3n de la vocer\u00eda de la MTT y la planificaci\u00f3n de la conformaci\u00f3n de nuevos Comit\u00e9s de Telecomunicaciones a trav\u00e9s de los Consejos Comunales de la localidad.<\/p>\n<p style=\"text-align: justify;\">Como parte de la jornada, se llev\u00f3 a cabo un taller sobre los canales virtuales de atenci\u00f3n de Cantv, donde los asistentes conocieron los procesos de solicitudes y requerimientos a trav\u00e9s de la asistente virtual Cati, el portal cantv.com.ve y la VenApp, a fin de facilitar el acceso a los servicios de atenci\u00f3n y optimizar la comunicaci\u00f3n entre la Empresa y sus usuarios.<\/p>\n<p style=\"text-align: justify;\">Yulman Matos, vocero de la comunidad, destac\u00f3 la importancia de estos encuentros: \u00abEstamos comprometidos con la actualizaci\u00f3n de nuestra vocer\u00eda y con seguir trabajando de la mano con Cantv. El conocimiento de estos canales virtuales es clave para agilizar los procesos y asegurar que todos los vecinos puedan hacer sus requerimientos de forma r\u00e1pida y efectiva\u00bb.<\/p>\n<p style=\"text-align: justify;\">Cantv ratifica su compromiso de trabajar con el Poder Popular organizado para garantizar la calidad y continuidad de sus servicios en todo el territorio nacional.<\/p>\n<p>&nbsp;<\/p>\n<p>&nbsp;<\/p>\n<h6>Prensa Cantv<\/h6>\n","protected":false},"excerpt":{"rendered":"<p>Con el objetivo de optimizar la comunicaci\u00f3n y fortalecer la organizaci\u00f3n comunitaria, personal de Cantv en el estado Trujillo sostuvo un encuentro con la Mesa T\u00e9cnica de Telecomunicaciones (MTT) Santa&hellip; <\/p>\n","protected":false},"author":7,"featured_media":49326,"comment_status":"closed","ping_status":"closed","sticky":false,"template":"","format":"standard","meta":{"footnotes":""},"categories":[40],"tags":[],"class_list":["post-49324","post","type-post","status-publish","format-standard","has-post-thumbnail","hentry","category-grantrujillo"],"_links":{"self":[{"href":"https:\/\/ciudadtrujillo.com\/index.php?rest_route=\/wp\/v2\/posts\/49324","targetHints":{"allow":["GET"]}}],"collection":[{"href":"https:\/\/ciudadtrujillo.com\/index.php?rest_route=\/wp\/v2\/posts"}],"about":[{"href":"https:\/\/ciudadtrujillo.com\/index.php?rest_route=\/wp\/v2\/types\/post"}],"author":[{"embeddable":true,"href":"https:\/\/ciudadtrujillo.com\/index.php?rest_route=\/wp\/v2\/users\/7"}],"replies":[{"embeddable":true,"href":"https:\/\/ciudadtrujillo.com\/index.php?rest_route=%2Fwp%2Fv2%2Fcomments&post=49324"}],"version-history":[{"count":1,"href":"https:\/\/ciudadtrujillo.com\/index.php?rest_route=\/wp\/v2\/posts\/49324\/revisions"}],"predecessor-version":[{"id":49327,"href":"https:\/\/ciudadtrujillo.com\/index.php?rest_route=\/wp\/v2\/posts\/49324\/revisions\/49327"}],"wp:featuredmedia":[{"embeddable":true,"href":"https:\/\/ciudadtrujillo.com\/index.php?rest_route=\/wp\/v2\/media\/49326"}],"wp:attachment":[{"href":"https:\/\/ciudadtrujillo.com\/index.php?rest_route=%2Fwp%2Fv2%2Fmedia&parent=49324"}],"wp:term":[{"taxonomy":"category","embeddable":true,"href":"https:\/\/ciudadtrujillo.com\/index.php?rest_route=%2Fwp%2Fv2%2Fcategories&post=49324"},{"taxonomy":"post_tag","embeddable":true,"href":"https:\/\/ciudadtrujillo.com\/index.php?rest_route=%2Fwp%2Fv2%2Ftags&post=49324"}],"curies":[{"name":"wp","href":"https:\/\/api.w.org\/{rel}","templated":true}]}}