{"id":49304,"date":"2025-12-01T22:04:26","date_gmt":"2025-12-02T02:04:26","guid":{"rendered":"https:\/\/ciudadtrujillo.com\/?p=49304"},"modified":"2025-12-01T22:04:26","modified_gmt":"2025-12-02T02:04:26","slug":"el-estado-cuenta-con-nuevo-tomografo-al-servicio-del-pueblo","status":"publish","type":"post","link":"https:\/\/ciudadtrujillo.com\/?p=49304","title":{"rendered":"El estado cuenta con nuevo tom\u00f3grafo al servicio del pueblo"},"content":{"rendered":"<p style=\"text-align: justify;\">Gracias a la gesti\u00f3n de la ministra, Dra. Magaly Guti\u00e9rrez, con el apoyo del Presidente Nicol\u00e1s Maduro y el gobernador Gerardo M\u00e1rquez, recientemente arrib\u00f3 al estado Trujillo un tom\u00f3grafo de 64 cortes, proveniente del Ministerio del Poder Popular para la Salud (MinSalud), con el prop\u00f3sito de brindar a la poblaci\u00f3n una mayor efectividad y optimizaci\u00f3n en este tipo de estudios especializados.<\/p>\n<p style=\"text-align: justify;\">Al respecto el Dr. Germ\u00e1n Serrano, autoridad \u00fanica en Salud de la entidad, inform\u00f3 que tras la pasada visita de la ministra Guti\u00e9rrez a Trujillo, prometi\u00f3 la asignaci\u00f3n de un nuevo tom\u00f3grafo para la entidad, \u00abeste pasado fin de semana recibimos dicho equipo, el cual estar\u00e1 ubicado en el Centro de Alta Tecnolog\u00eda (CAT), \u00abHumberto Fern\u00e1ndez Mor\u00e1n\u00bb de la ciudad de Valera\u00bb.<\/p>\n<p style=\"text-align: justify;\">Serrano puntualiz\u00f3 que en los pr\u00f3ximos d\u00edas, el mencionado tom\u00f3grafo ser\u00e1 instalado por un grupo de especialistas para estar al servicio de la colectividad trujillana.<\/p>\n<p>&nbsp;<\/p>\n<p>&nbsp;<\/p>\n<h6>Prensa regional MPPS<\/h6>\n","protected":false},"excerpt":{"rendered":"<p>Gracias a la gesti\u00f3n de la ministra, Dra. Magaly Guti\u00e9rrez, con el apoyo del Presidente Nicol\u00e1s Maduro y el gobernador Gerardo M\u00e1rquez, recientemente arrib\u00f3 al estado Trujillo un tom\u00f3grafo de&hellip; <\/p>\n","protected":false},"author":7,"featured_media":49305,"comment_status":"closed","ping_status":"closed","sticky":false,"template":"","format":"standard","meta":{"footnotes":""},"categories":[40],"tags":[],"class_list":["post-49304","post","type-post","status-publish","format-standard","has-post-thumbnail","hentry","category-grantrujillo"],"_links":{"self":[{"href":"https:\/\/ciudadtrujillo.com\/index.php?rest_route=\/wp\/v2\/posts\/49304","targetHints":{"allow":["GET"]}}],"collection":[{"href":"https:\/\/ciudadtrujillo.com\/index.php?rest_route=\/wp\/v2\/posts"}],"about":[{"href":"https:\/\/ciudadtrujillo.com\/index.php?rest_route=\/wp\/v2\/types\/post"}],"author":[{"embeddable":true,"href":"https:\/\/ciudadtrujillo.com\/index.php?rest_route=\/wp\/v2\/users\/7"}],"replies":[{"embeddable":true,"href":"https:\/\/ciudadtrujillo.com\/index.php?rest_route=%2Fwp%2Fv2%2Fcomments&post=49304"}],"version-history":[{"count":1,"href":"https:\/\/ciudadtrujillo.com\/index.php?rest_route=\/wp\/v2\/posts\/49304\/revisions"}],"predecessor-version":[{"id":49306,"href":"https:\/\/ciudadtrujillo.com\/index.php?rest_route=\/wp\/v2\/posts\/49304\/revisions\/49306"}],"wp:featuredmedia":[{"embeddable":true,"href":"https:\/\/ciudadtrujillo.com\/index.php?rest_route=\/wp\/v2\/media\/49305"}],"wp:attachment":[{"href":"https:\/\/ciudadtrujillo.com\/index.php?rest_route=%2Fwp%2Fv2%2Fmedia&parent=49304"}],"wp:term":[{"taxonomy":"category","embeddable":true,"href":"https:\/\/ciudadtrujillo.com\/index.php?rest_route=%2Fwp%2Fv2%2Fcategories&post=49304"},{"taxonomy":"post_tag","embeddable":true,"href":"https:\/\/ciudadtrujillo.com\/index.php?rest_route=%2Fwp%2Fv2%2Ftags&post=49304"}],"curies":[{"name":"wp","href":"https:\/\/api.w.org\/{rel}","templated":true}]}}