{"id":49301,"date":"2025-12-01T22:03:01","date_gmt":"2025-12-02T02:03:01","guid":{"rendered":"https:\/\/ciudadtrujillo.com\/?p=49301"},"modified":"2025-12-01T22:03:01","modified_gmt":"2025-12-02T02:03:01","slug":"inces-regional-celebro-parrandon-navideno-con-expoferia-productiva","status":"publish","type":"post","link":"https:\/\/ciudadtrujillo.com\/?p=49301","title":{"rendered":"Inces regional celebr\u00f3 Parrand\u00f3n Navide\u00f1o con Expoferia Productiva"},"content":{"rendered":"<p style=\"text-align: justify;\">En la cancha techada del Centro de Formaci\u00f3n Socialista (CFS) \u00abAl\u00ed Primera\u00bb, el Instituto Nacional de Capacitaci\u00f3n y Educaci\u00f3n Socialista (Inces) regi\u00f3n Trujillo, realiz\u00f3 el tradicional parrand\u00f3n navide\u00f1o, con encendido de luces y una expoferia productiva, donde se presentaron m\u00e1s de 350 muestras en distintas \u00e1reas de formaci\u00f3n, consolidando los logros alcanzados durante el a\u00f1o 2025 y fortaleciendo el v\u00ednculo con la comunidad.<\/p>\n<p style=\"text-align: justify;\">La jornada se convirti\u00f3 en un espacio de encuentro para estudiantes, maestros t\u00e9cnicos productivos y familias trujillanas, quienes disfrutaron de un ambiente cargado de alegr\u00eda y esp\u00edritu navide\u00f1o.<\/p>\n<p style=\"text-align: justify;\">El evento permiti\u00f3 mostrar el talento y las capacidades adquiridas en los diferentes programas de formaci\u00f3n que el Inces desarroll\u00f3 durante el a\u00f1o. En la expoferia se exhibieron productos elaborados en las \u00e1reas de panader\u00eda, pasteler\u00eda y reposter\u00eda, adem\u00e1s de trabajos en mec\u00e1nica de motos, carpinter\u00eda, soldadura b\u00e1sica, peluquer\u00eda, barber\u00eda, manicura y textil.<\/p>\n<p style=\"text-align: justify;\">Cada muestra represent\u00f3 el esfuerzo de los participantes y la aplicaci\u00f3n pr\u00e1ctica de los conocimientos adquiridos en las aulas y talleres. El encendido de luces 2025 ilumin\u00f3 la sede del Inces Trujillo, marcando el inicio de las celebraciones decembrinas con grupos musicales, ofreciendo un variado repertorio de gaitas, villancicos y parrandas, creando un ambiente festivo que fue disfrutado por la comunidad en general.<\/p>\n<p style=\"text-align: justify;\">El gerente general del Inces Trujillo, Alexis Brice\u00f1o, expres\u00f3: \u201cEste parrandon navide\u00f1o no es \u00fanicamente una festividad, es la muestra palpable de c\u00f3mo la formaci\u00f3n t\u00e9cnica impartida por el Inces se convierte en producci\u00f3n real y en iniciativas de emprendimiento. Cada actividad refleja el talento y la creatividad de nuestros participantes, quienes encuentran en estas experiencias oportunidades para crecer, aportar a sus comunidades y dinamizar la econom\u00eda local. Desde el Inces Trujillo reafirmamos nuestro compromiso de seguir impulsando espacios donde la educaci\u00f3n se traduzca en bienestar y desarrollo para nuestra regi\u00f3n\u201d.<\/p>\n<p style=\"text-align: justify;\">La actividad tambi\u00e9n sirvi\u00f3 como cierre de un a\u00f1o de logros para el Inces Trujillo, donde la comunidad valor\u00f3 positivamente la iniciativa, destacando la importancia de contar con espacios que promuevan la integraci\u00f3n y el desarrollo de talentos locales. Padres, representantes y vecinos participaron activamente en la feria, degustando productos, observando demostraciones y compartiendo con los estudiantes. El Inces Trujillo reafirm\u00f3 su compromiso de seguir impulsando la capacitaci\u00f3n integral en el a\u00f1o 2026, con nuevas metas y proyectos que fortalezcan la formaci\u00f3n t\u00e9cnica y productiva en la regi\u00f3n.<\/p>\n<p>&nbsp;<\/p>\n<p>&nbsp;<\/p>\n<h6>Prensa Inces Trujillo<\/h6>\n","protected":false},"excerpt":{"rendered":"<p>En la cancha techada del Centro de Formaci\u00f3n Socialista (CFS) \u00abAl\u00ed Primera\u00bb, el Instituto Nacional de Capacitaci\u00f3n y Educaci\u00f3n Socialista (Inces) regi\u00f3n Trujillo, realiz\u00f3 el tradicional parrand\u00f3n navide\u00f1o, con encendido&hellip; <\/p>\n","protected":false},"author":7,"featured_media":49302,"comment_status":"closed","ping_status":"closed","sticky":false,"template":"","format":"standard","meta":{"footnotes":""},"categories":[40],"tags":[],"class_list":["post-49301","post","type-post","status-publish","format-standard","has-post-thumbnail","hentry","category-grantrujillo"],"_links":{"self":[{"href":"https:\/\/ciudadtrujillo.com\/index.php?rest_route=\/wp\/v2\/posts\/49301","targetHints":{"allow":["GET"]}}],"collection":[{"href":"https:\/\/ciudadtrujillo.com\/index.php?rest_route=\/wp\/v2\/posts"}],"about":[{"href":"https:\/\/ciudadtrujillo.com\/index.php?rest_route=\/wp\/v2\/types\/post"}],"author":[{"embeddable":true,"href":"https:\/\/ciudadtrujillo.com\/index.php?rest_route=\/wp\/v2\/users\/7"}],"replies":[{"embeddable":true,"href":"https:\/\/ciudadtrujillo.com\/index.php?rest_route=%2Fwp%2Fv2%2Fcomments&post=49301"}],"version-history":[{"count":1,"href":"https:\/\/ciudadtrujillo.com\/index.php?rest_route=\/wp\/v2\/posts\/49301\/revisions"}],"predecessor-version":[{"id":49303,"href":"https:\/\/ciudadtrujillo.com\/index.php?rest_route=\/wp\/v2\/posts\/49301\/revisions\/49303"}],"wp:featuredmedia":[{"embeddable":true,"href":"https:\/\/ciudadtrujillo.com\/index.php?rest_route=\/wp\/v2\/media\/49302"}],"wp:attachment":[{"href":"https:\/\/ciudadtrujillo.com\/index.php?rest_route=%2Fwp%2Fv2%2Fmedia&parent=49301"}],"wp:term":[{"taxonomy":"category","embeddable":true,"href":"https:\/\/ciudadtrujillo.com\/index.php?rest_route=%2Fwp%2Fv2%2Fcategories&post=49301"},{"taxonomy":"post_tag","embeddable":true,"href":"https:\/\/ciudadtrujillo.com\/index.php?rest_route=%2Fwp%2Fv2%2Ftags&post=49301"}],"curies":[{"name":"wp","href":"https:\/\/api.w.org\/{rel}","templated":true}]}}