{"id":49292,"date":"2025-12-01T21:54:16","date_gmt":"2025-12-02T01:54:16","guid":{"rendered":"https:\/\/ciudadtrujillo.com\/?p=49292"},"modified":"2025-12-01T21:54:20","modified_gmt":"2025-12-02T01:54:20","slug":"produccion-nacional-de-cafe-se-expande-a-250-mil-hectareas-en-2025","status":"publish","type":"post","link":"https:\/\/ciudadtrujillo.com\/?p=49292","title":{"rendered":"Producci\u00f3n nacional de caf\u00e9 se expande a 250 mil hect\u00e1reas en 2025"},"content":{"rendered":"<p style=\"text-align: justify;\">El Presidente de la Rep\u00fablica Bolivariana de Venezuela, Nicol\u00e1s Maduro Moros, destac\u00f3 los avances hist\u00f3ricos alcanzados por el pa\u00eds en la producci\u00f3n cafetalera. \u201cVenezuela pas\u00f3 de 0 hect\u00e1reas de caf\u00e9 a este a\u00f1o 2025 donde se producen 250 mil hect\u00e1reas de caf\u00e9\u201d.<\/p>\n<p style=\"text-align: justify;\">El jefe de Estado resalt\u00f3 el esfuerzo colectivo de los productores y el compromiso del Gobierno Bolivariano con el desarrollo agr\u00edcola. Con perspectiva de seguir en crecimiento, se\u00f1al\u00f3 que actualmente est\u00e1n organizados a escala nacional m\u00e1s de 60 mil familias cafetaleras en 20 estados, lo que garantiza la consolidaci\u00f3n de una red productiva s\u00f3lida y con capacidad de abastecer tanto el mercado interno como el externo.<\/p>\n<p style=\"text-align: justify;\">Inform\u00f3 que la zafra del a\u00f1o 2024 al 2025 alcanz\u00f3 tres millones 27 mil 724 quintales, y explic\u00f3: \u201cCada quintal trae 46 kilos, este a\u00f1o la zafra ha crecido el 55 %, y se est\u00e1n prediciendo cuatro millones 701 mil 550 quintales, que es el equivalente a m\u00e1s de 216 millones kilos\u201d.<\/p>\n<p style=\"text-align: justify;\">El mandatario nacional tambi\u00e9n indic\u00f3 que actualmente existen 438 marcas de caf\u00e9, lo que calific\u00f3 como \u201cuna proeza, es un milagro, siempre la gloria ser\u00e1 de Dios, a trav\u00e9s de los cafetaleros y productores de Venezuela\u201d.<\/p>\n<p style=\"text-align: justify;\">En este sentido, agradeci\u00f3 a los productores por el esfuerzo realizado, no solo en cantidad, sino tambi\u00e9n en calidad.<\/p>\n<p style=\"text-align: justify;\">Finalmente, el presidente Maduro subray\u00f3 que el pa\u00eds cuenta con 210 millones de kilos para completar el ciclo de la forma adecuaci\u00f3n perfecta, lo que defini\u00f3 como \u201cla ecuaci\u00f3n de producir todo en Venezuela, de abastecer todo el mercado nacional y de exportar crecientemente los productos de calidad venezolano al mundo\u201d.<\/p>\n<p>&nbsp;<\/p>\n<p>&nbsp;<\/p>\n<h6>VTV<\/h6>\n","protected":false},"excerpt":{"rendered":"<p>El Presidente de la Rep\u00fablica Bolivariana de Venezuela, Nicol\u00e1s Maduro Moros, destac\u00f3 los avances hist\u00f3ricos alcanzados por el pa\u00eds en la producci\u00f3n cafetalera. \u201cVenezuela pas\u00f3 de 0 hect\u00e1reas de caf\u00e9&hellip; <\/p>\n","protected":false},"author":7,"featured_media":49293,"comment_status":"closed","ping_status":"closed","sticky":false,"template":"","format":"standard","meta":{"footnotes":""},"categories":[41],"tags":[],"class_list":["post-49292","post","type-post","status-publish","format-standard","has-post-thumbnail","hentry","category-pais"],"_links":{"self":[{"href":"https:\/\/ciudadtrujillo.com\/index.php?rest_route=\/wp\/v2\/posts\/49292","targetHints":{"allow":["GET"]}}],"collection":[{"href":"https:\/\/ciudadtrujillo.com\/index.php?rest_route=\/wp\/v2\/posts"}],"about":[{"href":"https:\/\/ciudadtrujillo.com\/index.php?rest_route=\/wp\/v2\/types\/post"}],"author":[{"embeddable":true,"href":"https:\/\/ciudadtrujillo.com\/index.php?rest_route=\/wp\/v2\/users\/7"}],"replies":[{"embeddable":true,"href":"https:\/\/ciudadtrujillo.com\/index.php?rest_route=%2Fwp%2Fv2%2Fcomments&post=49292"}],"version-history":[{"count":1,"href":"https:\/\/ciudadtrujillo.com\/index.php?rest_route=\/wp\/v2\/posts\/49292\/revisions"}],"predecessor-version":[{"id":49294,"href":"https:\/\/ciudadtrujillo.com\/index.php?rest_route=\/wp\/v2\/posts\/49292\/revisions\/49294"}],"wp:featuredmedia":[{"embeddable":true,"href":"https:\/\/ciudadtrujillo.com\/index.php?rest_route=\/wp\/v2\/media\/49293"}],"wp:attachment":[{"href":"https:\/\/ciudadtrujillo.com\/index.php?rest_route=%2Fwp%2Fv2%2Fmedia&parent=49292"}],"wp:term":[{"taxonomy":"category","embeddable":true,"href":"https:\/\/ciudadtrujillo.com\/index.php?rest_route=%2Fwp%2Fv2%2Fcategories&post=49292"},{"taxonomy":"post_tag","embeddable":true,"href":"https:\/\/ciudadtrujillo.com\/index.php?rest_route=%2Fwp%2Fv2%2Ftags&post=49292"}],"curies":[{"name":"wp","href":"https:\/\/api.w.org\/{rel}","templated":true}]}}