{"id":49285,"date":"2025-11-30T22:29:16","date_gmt":"2025-12-01T02:29:16","guid":{"rendered":"https:\/\/ciudadtrujillo.com\/?p=49285"},"modified":"2025-11-30T22:29:16","modified_gmt":"2025-12-01T02:29:16","slug":"inces-regional-instalo-mesa-estadal-del-programa-nacional-graduate","status":"publish","type":"post","link":"https:\/\/ciudadtrujillo.com\/?p=49285","title":{"rendered":"Inces regional instal\u00f3 Mesa Estadal del Programa Nacional \u201cGrad\u00faate\u201d"},"content":{"rendered":"<p style=\"text-align: justify;\">Con el firme prop\u00f3sito de fortalecer las oportunidades educativas y de ense\u00f1anza integral para la juventud trujillana, el Instituto Nacional de Capacitaci\u00f3n y Educaci\u00f3n Socialista (INCES), regi\u00f3n Trujillo, llev\u00f3 a cabo la instalaci\u00f3n de la Mesa Estadal del Programa Nacional \u201cGrad\u00faate\u201d en el Centro de Formaci\u00f3n Socialista (CFS) \u00abAl\u00ed Primera\u00bb.<\/p>\n<p style=\"text-align: justify;\">La actividad cont\u00f3 con la participaci\u00f3n de representantes de diversas instituciones y misiones que integran este espacio de articulaci\u00f3n, entre ellas la Gran Misi\u00f3n Venezuela Joven (GMVJ), el Ministerio del Poder Popular para la Educaci\u00f3n (MPPE), el Ministerio del Poder Popular para la Educaci\u00f3n Universitaria a trav\u00e9s de la OPSU, as\u00ed como las Misiones Robinson, Sucre, Rivas y Robert Serra, junto a la Universidad Nacional Experimental Sim\u00f3n Rodr\u00edguez (UNESR), el Instituto Nacional de Capacitaci\u00f3n y Educaci\u00f3n Socialista (INCES) y los Movimientos Somos Venezuela Social, quienes en conjunto fortalecieron la din\u00e1mica de cooperaci\u00f3n y trabajo colectivo en favor de la formaci\u00f3n y el desarrollo social.<\/p>\n<p style=\"text-align: justify;\">Este encuentro marca un hito en la coordinaci\u00f3n interinstitucional, orientado a garantizar que los j\u00f3venes tengan acceso a programas de formaci\u00f3n, nivelaci\u00f3n acad\u00e9mica y acompa\u00f1amiento social que les permitan culminar sus estudios y abrirse camino hacia nuevas oportunidades de desarrollo personal y profesional. Durante la instalaci\u00f3n, se destac\u00f3 la importancia de sumar esfuerzos para construir un sistema inclusivo y solidario, donde cada misi\u00f3n y organismo aporte sus capacidades en beneficio de la juventud.<\/p>\n<p style=\"text-align: justify;\">El programa \u201cGrad\u00faate\u201d se presenta como una herramienta estrat\u00e9gica para combatir la deserci\u00f3n escolar, promover la continuidad educativa y fortalecer la participaci\u00f3n de los j\u00f3venes en la transformaci\u00f3n social del pa\u00eds. El INCES regi\u00f3n Trujillo reafirma su compromiso de ser puente de esperanza y formaci\u00f3n, impulsando iniciativas que dignifiquen a los estudiantes y les brinden herramientas para enfrentar los retos del presente y del futuro.<\/p>\n<p>&nbsp;<\/p>\n<p>&nbsp;<\/p>\n<h6>Prensa Inces<\/h6>\n","protected":false},"excerpt":{"rendered":"<p>Con el firme prop\u00f3sito de fortalecer las oportunidades educativas y de ense\u00f1anza integral para la juventud trujillana, el Instituto Nacional de Capacitaci\u00f3n y Educaci\u00f3n Socialista (INCES), regi\u00f3n Trujillo, llev\u00f3 a&hellip; <\/p>\n","protected":false},"author":7,"featured_media":49286,"comment_status":"closed","ping_status":"closed","sticky":false,"template":"","format":"standard","meta":{"footnotes":""},"categories":[40],"tags":[],"class_list":["post-49285","post","type-post","status-publish","format-standard","has-post-thumbnail","hentry","category-grantrujillo"],"_links":{"self":[{"href":"https:\/\/ciudadtrujillo.com\/index.php?rest_route=\/wp\/v2\/posts\/49285","targetHints":{"allow":["GET"]}}],"collection":[{"href":"https:\/\/ciudadtrujillo.com\/index.php?rest_route=\/wp\/v2\/posts"}],"about":[{"href":"https:\/\/ciudadtrujillo.com\/index.php?rest_route=\/wp\/v2\/types\/post"}],"author":[{"embeddable":true,"href":"https:\/\/ciudadtrujillo.com\/index.php?rest_route=\/wp\/v2\/users\/7"}],"replies":[{"embeddable":true,"href":"https:\/\/ciudadtrujillo.com\/index.php?rest_route=%2Fwp%2Fv2%2Fcomments&post=49285"}],"version-history":[{"count":1,"href":"https:\/\/ciudadtrujillo.com\/index.php?rest_route=\/wp\/v2\/posts\/49285\/revisions"}],"predecessor-version":[{"id":49287,"href":"https:\/\/ciudadtrujillo.com\/index.php?rest_route=\/wp\/v2\/posts\/49285\/revisions\/49287"}],"wp:featuredmedia":[{"embeddable":true,"href":"https:\/\/ciudadtrujillo.com\/index.php?rest_route=\/wp\/v2\/media\/49286"}],"wp:attachment":[{"href":"https:\/\/ciudadtrujillo.com\/index.php?rest_route=%2Fwp%2Fv2%2Fmedia&parent=49285"}],"wp:term":[{"taxonomy":"category","embeddable":true,"href":"https:\/\/ciudadtrujillo.com\/index.php?rest_route=%2Fwp%2Fv2%2Fcategories&post=49285"},{"taxonomy":"post_tag","embeddable":true,"href":"https:\/\/ciudadtrujillo.com\/index.php?rest_route=%2Fwp%2Fv2%2Ftags&post=49285"}],"curies":[{"name":"wp","href":"https:\/\/api.w.org\/{rel}","templated":true}]}}