{"id":49279,"date":"2025-11-30T22:25:33","date_gmt":"2025-12-01T02:25:33","guid":{"rendered":"https:\/\/ciudadtrujillo.com\/?p=49279"},"modified":"2025-11-30T22:25:33","modified_gmt":"2025-12-01T02:25:33","slug":"plan-de-amor-y-prosperidad-alimentaria-atendio-a-mas-de-148-mil-familias-trujillanas","status":"publish","type":"post","link":"https:\/\/ciudadtrujillo.com\/?p=49279","title":{"rendered":"Plan de Amor y Prosperidad Alimentaria atendi\u00f3 a m\u00e1s de 148 mil familias trujillanas"},"content":{"rendered":"<p style=\"text-align: justify;\">En el marco del Plan de Amor y Prosperidad Alimentaria impulsado por el Presidente Nicol\u00e1s Maduro para el cierre de a\u00f1o, la Misi\u00f3n Alimentaci\u00f3n en Trujillo atendi\u00f3 a 148.472 familias a trav\u00e9s de las diferentes jornadas a cielo abierto desarrolladas durante este fin de semana.<\/p>\n<p style=\"text-align: justify;\">Este plan es parte de las iniciativas del Gobierno Bolivariano para la ofensiva socioalimentaria. En este sentido, la directora Territorial del Minppal Trujillo, Lcda. Yughatsi Colina, inform\u00f3 que, en esta primera etapa, m\u00e1s de 1.600 toneladas de alimentos fueron distribuidas para garantizar el abastecimiento de las familias, \u00abeste es el primer fin de semana de este plan con el que favorecimos a los trujillanos y priorizamos la atenci\u00f3n a las Casas de Alimentaci\u00f3n, se realiz\u00f3 un Gran Sancocho Comunal y el Hallacazo por las fiestas decembrinas que ya estamos comenzando a celebrar\u00bb.<\/p>\n<p style=\"text-align: justify;\">La tambi\u00e9n presidenta de Distal destac\u00f3 el trabajo articulado entre el Ministerio de Pesca as\u00ed como el Ministerio de las Comunas y los entes adscritos a la Cartera Alimentaria para llevar a cabo las Ferias del Campo Soberano, Agroferias campesinas, Ferias del Pescado, Bodegas Solidarias, Bodegas M\u00f3viles, entrega de combos CLAP, atenciones especiales y a las Casas de Alimentaci\u00f3n, beneficios a los Abuelos y Abuelas de la Patria, adem\u00e1s de los abastos de PDVAL y Mercal.<\/p>\n<p>&nbsp;<\/p>\n<p>&nbsp;<\/p>\n<h6>Prensa Minppal Trujillo<\/h6>\n","protected":false},"excerpt":{"rendered":"<p>En el marco del Plan de Amor y Prosperidad Alimentaria impulsado por el Presidente Nicol\u00e1s Maduro para el cierre de a\u00f1o, la Misi\u00f3n Alimentaci\u00f3n en Trujillo atendi\u00f3 a 148.472 familias&hellip; <\/p>\n","protected":false},"author":7,"featured_media":49280,"comment_status":"closed","ping_status":"closed","sticky":false,"template":"","format":"standard","meta":{"footnotes":""},"categories":[40],"tags":[],"class_list":["post-49279","post","type-post","status-publish","format-standard","has-post-thumbnail","hentry","category-grantrujillo"],"_links":{"self":[{"href":"https:\/\/ciudadtrujillo.com\/index.php?rest_route=\/wp\/v2\/posts\/49279","targetHints":{"allow":["GET"]}}],"collection":[{"href":"https:\/\/ciudadtrujillo.com\/index.php?rest_route=\/wp\/v2\/posts"}],"about":[{"href":"https:\/\/ciudadtrujillo.com\/index.php?rest_route=\/wp\/v2\/types\/post"}],"author":[{"embeddable":true,"href":"https:\/\/ciudadtrujillo.com\/index.php?rest_route=\/wp\/v2\/users\/7"}],"replies":[{"embeddable":true,"href":"https:\/\/ciudadtrujillo.com\/index.php?rest_route=%2Fwp%2Fv2%2Fcomments&post=49279"}],"version-history":[{"count":1,"href":"https:\/\/ciudadtrujillo.com\/index.php?rest_route=\/wp\/v2\/posts\/49279\/revisions"}],"predecessor-version":[{"id":49281,"href":"https:\/\/ciudadtrujillo.com\/index.php?rest_route=\/wp\/v2\/posts\/49279\/revisions\/49281"}],"wp:featuredmedia":[{"embeddable":true,"href":"https:\/\/ciudadtrujillo.com\/index.php?rest_route=\/wp\/v2\/media\/49280"}],"wp:attachment":[{"href":"https:\/\/ciudadtrujillo.com\/index.php?rest_route=%2Fwp%2Fv2%2Fmedia&parent=49279"}],"wp:term":[{"taxonomy":"category","embeddable":true,"href":"https:\/\/ciudadtrujillo.com\/index.php?rest_route=%2Fwp%2Fv2%2Fcategories&post=49279"},{"taxonomy":"post_tag","embeddable":true,"href":"https:\/\/ciudadtrujillo.com\/index.php?rest_route=%2Fwp%2Fv2%2Ftags&post=49279"}],"curies":[{"name":"wp","href":"https:\/\/api.w.org\/{rel}","templated":true}]}}