{"id":49273,"date":"2025-11-30T22:13:13","date_gmt":"2025-12-01T02:13:13","guid":{"rendered":"https:\/\/ciudadtrujillo.com\/?p=49273"},"modified":"2025-11-30T22:13:13","modified_gmt":"2025-12-01T02:13:13","slug":"decretan-dia-de-jubilo-no-laborable-en-parroquia-la-beatriz-este-1-de-diciembre-por-celebrar-47-anos","status":"publish","type":"post","link":"https:\/\/ciudadtrujillo.com\/?p=49273","title":{"rendered":"Decretan D\u00eda de J\u00fabilo No Laborable en parroquia La Beatriz este 1\u00b0 de diciembre por celebrar 47 a\u00f1os"},"content":{"rendered":"<p style=\"text-align: justify;\">A prop\u00f3sito de celebrarse este lunes 1\u00b0 de diciembre los 47 a\u00f1os de fundaci\u00f3n de la parroquia La Beatriz, el alcalde Alfredy Moreno ha decretado como D\u00eda de J\u00fabilo No Laborable en todo el territorio de esta localidad perteneciente al municipio Valera.<\/p>\n<p style=\"text-align: justify;\">La autoridad municipal ha destacado que es esta parroquia un ejemplo para todo el municipio por la calidez de su gente y su dinamismo.<\/p>\n<p style=\"text-align: justify;\">Asimismo, env\u00eda un mensaje de felicitaci\u00f3n a todos los habitantes de La Beatriz, exhort\u00e1ndolos a seguir en unidad y sum\u00e1ndose al trabajo para seguir forjando la Valera Renaciente.<\/p>\n<p style=\"text-align: justify;\">\u00abVaya para todos sus habitantes un fuerte abrazo y las m\u00e1s sinceras felicitaciones\u00bb, expres\u00f3 el alcalde.<\/p>\n<p style=\"text-align: justify;\">Este territorio ampliamente poblado en la actualidad, nace como urbanismo en el a\u00f1o 1978 en lo que era una hacienda de ca\u00f1a de az\u00facar, conserv\u00e1ndose a\u00fan la ic\u00f3nica chimenea que remonta a esos tiempos de anta\u00f1o.<\/p>\n<p style=\"text-align: justify;\">Es La Beatriz una gran meseta de plano semi inclinado que limita con el r\u00edo Motat\u00e1n, rodeada de frondosas y gigantescas monta\u00f1as que hacen que el clima sea agradable. Con el paso de los a\u00f1os ha crecido en poblaci\u00f3n, comercialmente y otras \u00e1reas como la educativa y es parte fundamental para el desarrollo del municipio.<\/p>\n<p style=\"text-align: justify;\">Vale destacar que el referido decreto except\u00faa del d\u00eda no laborable a los organismos, dependencias y servicios que funcionan dentro de esta parroquia y que por su naturaleza no pueden interrumpirse, entre estos centros de salud, Cuerpo de Bomberos y dem\u00e1s servicios p\u00fablicos esenciales.<\/p>\n<p>&nbsp;<\/p>\n<p>&nbsp;<\/p>\n<h6>Prensa Alcald\u00eda Comunal de Valera<\/h6>\n","protected":false},"excerpt":{"rendered":"<p>A prop\u00f3sito de celebrarse este lunes 1\u00b0 de diciembre los 47 a\u00f1os de fundaci\u00f3n de la parroquia La Beatriz, el alcalde Alfredy Moreno ha decretado como D\u00eda de J\u00fabilo No&hellip; <\/p>\n","protected":false},"author":7,"featured_media":49274,"comment_status":"closed","ping_status":"closed","sticky":false,"template":"","format":"standard","meta":{"footnotes":""},"categories":[40],"tags":[],"class_list":["post-49273","post","type-post","status-publish","format-standard","has-post-thumbnail","hentry","category-grantrujillo"],"_links":{"self":[{"href":"https:\/\/ciudadtrujillo.com\/index.php?rest_route=\/wp\/v2\/posts\/49273","targetHints":{"allow":["GET"]}}],"collection":[{"href":"https:\/\/ciudadtrujillo.com\/index.php?rest_route=\/wp\/v2\/posts"}],"about":[{"href":"https:\/\/ciudadtrujillo.com\/index.php?rest_route=\/wp\/v2\/types\/post"}],"author":[{"embeddable":true,"href":"https:\/\/ciudadtrujillo.com\/index.php?rest_route=\/wp\/v2\/users\/7"}],"replies":[{"embeddable":true,"href":"https:\/\/ciudadtrujillo.com\/index.php?rest_route=%2Fwp%2Fv2%2Fcomments&post=49273"}],"version-history":[{"count":1,"href":"https:\/\/ciudadtrujillo.com\/index.php?rest_route=\/wp\/v2\/posts\/49273\/revisions"}],"predecessor-version":[{"id":49275,"href":"https:\/\/ciudadtrujillo.com\/index.php?rest_route=\/wp\/v2\/posts\/49273\/revisions\/49275"}],"wp:featuredmedia":[{"embeddable":true,"href":"https:\/\/ciudadtrujillo.com\/index.php?rest_route=\/wp\/v2\/media\/49274"}],"wp:attachment":[{"href":"https:\/\/ciudadtrujillo.com\/index.php?rest_route=%2Fwp%2Fv2%2Fmedia&parent=49273"}],"wp:term":[{"taxonomy":"category","embeddable":true,"href":"https:\/\/ciudadtrujillo.com\/index.php?rest_route=%2Fwp%2Fv2%2Fcategories&post=49273"},{"taxonomy":"post_tag","embeddable":true,"href":"https:\/\/ciudadtrujillo.com\/index.php?rest_route=%2Fwp%2Fv2%2Ftags&post=49273"}],"curies":[{"name":"wp","href":"https:\/\/api.w.org\/{rel}","templated":true}]}}