{"id":49262,"date":"2025-11-27T22:43:19","date_gmt":"2025-11-28T02:43:19","guid":{"rendered":"https:\/\/ciudadtrujillo.com\/?p=49262"},"modified":"2025-11-27T22:43:19","modified_gmt":"2025-11-28T02:43:19","slug":"exaltan-la-paz-y-la-soberania-en-actos-por-los-205-anos-del-abrazo-de-bolivar-y-morillo","status":"publish","type":"post","link":"https:\/\/ciudadtrujillo.com\/?p=49262","title":{"rendered":"Exaltan la paz y la soberan\u00eda en actos por los 205 a\u00f1os del Abrazo de Bol\u00edvar y Morillo"},"content":{"rendered":"<p style=\"text-align: justify;\">En conmemoraci\u00f3n de los 205 a\u00f1os de los Tratados de Armisticio y Regularizaci\u00f3n de la Guerra y del Abrazo de Bol\u00edvar y Morillo, en Santa Ana se realizaron actividades protocolares, un desfile popular, militar y policial y una sesi\u00f3n especial conjunta del Consejo Legislativo del estado Trujillo y el Concejo de Pamp\u00e1n, con el ministro de Comunas y Movimientos Sociales, \u00c1ngel Prado, como Orador de Orden.<\/p>\n<p style=\"text-align: justify;\">Junto al gobernador Gerardo M\u00e1rquez, asisti\u00f3 el comandante de la Regi\u00f3n Estrat\u00e9gica Los Andes, MG Jos\u00e9 Gregorio Martinez Campos; el diputado a la Asamblea Nacional, Pedro Carre\u00f1o; el alcalde de Pamp\u00e1n, Manuel Pe\u00f1a, entre otras autoridades nacionales, regionales y locales.<\/p>\n<p style=\"text-align: justify;\">El ministro Prado se comprometi\u00f3 en llevar a j\u00f3venes del pueblo al Pante\u00f3n Nacional para que se familiaricen aun m\u00e1s con la historia.<\/p>\n<p>&nbsp;<\/p>\n<p>&nbsp;<\/p>\n<h6>Eliph Catalina Fern\u00e1ndez<br \/>\nGr\u00e1ficas: DGPG<\/h6>\n","protected":false},"excerpt":{"rendered":"<p>En conmemoraci\u00f3n de los 205 a\u00f1os de los Tratados de Armisticio y Regularizaci\u00f3n de la Guerra y del Abrazo de Bol\u00edvar y Morillo, en Santa Ana se realizaron actividades protocolares,&hellip; <\/p>\n","protected":false},"author":7,"featured_media":49263,"comment_status":"closed","ping_status":"closed","sticky":false,"template":"","format":"standard","meta":{"footnotes":""},"categories":[40],"tags":[],"class_list":["post-49262","post","type-post","status-publish","format-standard","has-post-thumbnail","hentry","category-grantrujillo"],"_links":{"self":[{"href":"https:\/\/ciudadtrujillo.com\/index.php?rest_route=\/wp\/v2\/posts\/49262","targetHints":{"allow":["GET"]}}],"collection":[{"href":"https:\/\/ciudadtrujillo.com\/index.php?rest_route=\/wp\/v2\/posts"}],"about":[{"href":"https:\/\/ciudadtrujillo.com\/index.php?rest_route=\/wp\/v2\/types\/post"}],"author":[{"embeddable":true,"href":"https:\/\/ciudadtrujillo.com\/index.php?rest_route=\/wp\/v2\/users\/7"}],"replies":[{"embeddable":true,"href":"https:\/\/ciudadtrujillo.com\/index.php?rest_route=%2Fwp%2Fv2%2Fcomments&post=49262"}],"version-history":[{"count":1,"href":"https:\/\/ciudadtrujillo.com\/index.php?rest_route=\/wp\/v2\/posts\/49262\/revisions"}],"predecessor-version":[{"id":49264,"href":"https:\/\/ciudadtrujillo.com\/index.php?rest_route=\/wp\/v2\/posts\/49262\/revisions\/49264"}],"wp:featuredmedia":[{"embeddable":true,"href":"https:\/\/ciudadtrujillo.com\/index.php?rest_route=\/wp\/v2\/media\/49263"}],"wp:attachment":[{"href":"https:\/\/ciudadtrujillo.com\/index.php?rest_route=%2Fwp%2Fv2%2Fmedia&parent=49262"}],"wp:term":[{"taxonomy":"category","embeddable":true,"href":"https:\/\/ciudadtrujillo.com\/index.php?rest_route=%2Fwp%2Fv2%2Fcategories&post=49262"},{"taxonomy":"post_tag","embeddable":true,"href":"https:\/\/ciudadtrujillo.com\/index.php?rest_route=%2Fwp%2Fv2%2Ftags&post=49262"}],"curies":[{"name":"wp","href":"https:\/\/api.w.org\/{rel}","templated":true}]}}