{"id":49259,"date":"2025-11-27T22:40:48","date_gmt":"2025-11-28T02:40:48","guid":{"rendered":"https:\/\/ciudadtrujillo.com\/?p=49259"},"modified":"2025-11-27T22:40:48","modified_gmt":"2025-11-28T02:40:48","slug":"celebran-eucaristia-por-los-57-anos-de-la-direccion-regional-el-nino-simon","status":"publish","type":"post","link":"https:\/\/ciudadtrujillo.com\/?p=49259","title":{"rendered":"Celebran Eucarist\u00eda por los 57 a\u00f1os de la Direcci\u00f3n Regional \u00abEl Ni\u00f1o Sim\u00f3n\u00bb"},"content":{"rendered":"<p style=\"text-align: justify;\">La Direcci\u00f3n Regional El Ni\u00f1o Sim\u00f3n Trujillo, liderada por la Lcda. Reyna P\u00e9rez de M\u00e1rquez, celebraron una Misa en Acci\u00f3n de Gracia, en el Santuario Ni\u00f1o Jes\u00fas del Dr. Jos\u00e9 Gregorio Hern\u00e1ndez en Isnot\u00fa.<\/p>\n<p style=\"text-align: justify;\">La misa fue presidida por el padre Gustavo Godoy, quien comparti\u00f3 un mensaje de amor, servicio y compromiso para seguir trabajando por el Semillero de la Patria.<\/p>\n<p style=\"text-align: justify;\">Para finalizar esta actividad los trabajadores cantaron el cumplea\u00f1os de la instituci\u00f3n y realizaron un recorrido por el Museo Diocesano Dr. Jos\u00e9 Gregorio Hern\u00e1ndez Cisneros.<\/p>\n<p style=\"text-align: justify;\">Cabe destacar que durante estos a\u00f1os, la Direcci\u00f3n Regional \u00abEl Ni\u00f1o Sim\u00f3n\u00bb, ha implementado programas educativos, de salud y bienestar, as\u00ed como iniciativas que fomentan la inclusi\u00f3n y el desarrollo integral de nuestros peque\u00f1os.<\/p>\n<p>&nbsp;<\/p>\n<p>&nbsp;<\/p>\n<h6>Prensa Gobierno Bolivariano del estado Trujillo\/DRNSTRU. Karelis Dur\u00e1n.<\/h6>\n","protected":false},"excerpt":{"rendered":"<p>La Direcci\u00f3n Regional El Ni\u00f1o Sim\u00f3n Trujillo, liderada por la Lcda. Reyna P\u00e9rez de M\u00e1rquez, celebraron una Misa en Acci\u00f3n de Gracia, en el Santuario Ni\u00f1o Jes\u00fas del Dr. Jos\u00e9&hellip; <\/p>\n","protected":false},"author":7,"featured_media":49260,"comment_status":"closed","ping_status":"closed","sticky":false,"template":"","format":"standard","meta":{"footnotes":""},"categories":[40],"tags":[],"class_list":["post-49259","post","type-post","status-publish","format-standard","has-post-thumbnail","hentry","category-grantrujillo"],"_links":{"self":[{"href":"https:\/\/ciudadtrujillo.com\/index.php?rest_route=\/wp\/v2\/posts\/49259","targetHints":{"allow":["GET"]}}],"collection":[{"href":"https:\/\/ciudadtrujillo.com\/index.php?rest_route=\/wp\/v2\/posts"}],"about":[{"href":"https:\/\/ciudadtrujillo.com\/index.php?rest_route=\/wp\/v2\/types\/post"}],"author":[{"embeddable":true,"href":"https:\/\/ciudadtrujillo.com\/index.php?rest_route=\/wp\/v2\/users\/7"}],"replies":[{"embeddable":true,"href":"https:\/\/ciudadtrujillo.com\/index.php?rest_route=%2Fwp%2Fv2%2Fcomments&post=49259"}],"version-history":[{"count":1,"href":"https:\/\/ciudadtrujillo.com\/index.php?rest_route=\/wp\/v2\/posts\/49259\/revisions"}],"predecessor-version":[{"id":49261,"href":"https:\/\/ciudadtrujillo.com\/index.php?rest_route=\/wp\/v2\/posts\/49259\/revisions\/49261"}],"wp:featuredmedia":[{"embeddable":true,"href":"https:\/\/ciudadtrujillo.com\/index.php?rest_route=\/wp\/v2\/media\/49260"}],"wp:attachment":[{"href":"https:\/\/ciudadtrujillo.com\/index.php?rest_route=%2Fwp%2Fv2%2Fmedia&parent=49259"}],"wp:term":[{"taxonomy":"category","embeddable":true,"href":"https:\/\/ciudadtrujillo.com\/index.php?rest_route=%2Fwp%2Fv2%2Fcategories&post=49259"},{"taxonomy":"post_tag","embeddable":true,"href":"https:\/\/ciudadtrujillo.com\/index.php?rest_route=%2Fwp%2Fv2%2Ftags&post=49259"}],"curies":[{"name":"wp","href":"https:\/\/api.w.org\/{rel}","templated":true}]}}