{"id":49253,"date":"2025-11-27T22:35:26","date_gmt":"2025-11-28T02:35:26","guid":{"rendered":"https:\/\/ciudadtrujillo.com\/?p=49253"},"modified":"2025-11-27T22:35:26","modified_gmt":"2025-11-28T02:35:26","slug":"hoy-arranca-el-4to-encuentro-internacional-del-cafe-trujillo-destaca-con-11-clasificaciones","status":"publish","type":"post","link":"https:\/\/ciudadtrujillo.com\/?p=49253","title":{"rendered":"Hoy arranca el 4to Encuentro Internacional del Caf\u00e9: Trujillo destaca con 11 clasificaciones"},"content":{"rendered":"<p style=\"text-align: justify;\">En La Carlota, el aroma del caf\u00e9 venezolano se convierte en s\u00edmbolo de excelencia con el 4to Encuentro Internacional de este rubro con especialidad venezolano, que iniciar\u00e1 este 28 hasta el 30 de noviembre en el Parque Sim\u00f3n Bol\u00edvar de la ciudad de Caracas.<\/p>\n<p style=\"text-align: justify;\">Trujillo sigue dejando huella con su producci\u00f3n cafetalera y en esta oportunidad se presenta con 11 lotes de este rubro que clasificaron en la primera ronda nacional del EICEV 2025.<\/p>\n<p style=\"text-align: justify;\">El caf\u00e9 trujillano se muestra rico en variedades entre ellas: Villanueva, Colombia 27, T\u00edpica, Monteclaro, Caturra, Castillo, Cenicaf\u00e9, Geisha, Tabi y Bourbon, que destacan por su aroma y sabor.<\/p>\n<p>&nbsp;<\/p>\n<p>&nbsp;<\/p>\n<h6>Prensa Desarrollo Agroecol\u00f3gico<\/h6>\n","protected":false},"excerpt":{"rendered":"<p>En La Carlota, el aroma del caf\u00e9 venezolano se convierte en s\u00edmbolo de excelencia con el 4to Encuentro Internacional de este rubro con especialidad venezolano, que iniciar\u00e1 este 28 hasta&hellip; <\/p>\n","protected":false},"author":7,"featured_media":49254,"comment_status":"closed","ping_status":"closed","sticky":false,"template":"","format":"standard","meta":{"footnotes":""},"categories":[40],"tags":[],"class_list":["post-49253","post","type-post","status-publish","format-standard","has-post-thumbnail","hentry","category-grantrujillo"],"_links":{"self":[{"href":"https:\/\/ciudadtrujillo.com\/index.php?rest_route=\/wp\/v2\/posts\/49253","targetHints":{"allow":["GET"]}}],"collection":[{"href":"https:\/\/ciudadtrujillo.com\/index.php?rest_route=\/wp\/v2\/posts"}],"about":[{"href":"https:\/\/ciudadtrujillo.com\/index.php?rest_route=\/wp\/v2\/types\/post"}],"author":[{"embeddable":true,"href":"https:\/\/ciudadtrujillo.com\/index.php?rest_route=\/wp\/v2\/users\/7"}],"replies":[{"embeddable":true,"href":"https:\/\/ciudadtrujillo.com\/index.php?rest_route=%2Fwp%2Fv2%2Fcomments&post=49253"}],"version-history":[{"count":1,"href":"https:\/\/ciudadtrujillo.com\/index.php?rest_route=\/wp\/v2\/posts\/49253\/revisions"}],"predecessor-version":[{"id":49255,"href":"https:\/\/ciudadtrujillo.com\/index.php?rest_route=\/wp\/v2\/posts\/49253\/revisions\/49255"}],"wp:featuredmedia":[{"embeddable":true,"href":"https:\/\/ciudadtrujillo.com\/index.php?rest_route=\/wp\/v2\/media\/49254"}],"wp:attachment":[{"href":"https:\/\/ciudadtrujillo.com\/index.php?rest_route=%2Fwp%2Fv2%2Fmedia&parent=49253"}],"wp:term":[{"taxonomy":"category","embeddable":true,"href":"https:\/\/ciudadtrujillo.com\/index.php?rest_route=%2Fwp%2Fv2%2Fcategories&post=49253"},{"taxonomy":"post_tag","embeddable":true,"href":"https:\/\/ciudadtrujillo.com\/index.php?rest_route=%2Fwp%2Fv2%2Ftags&post=49253"}],"curies":[{"name":"wp","href":"https:\/\/api.w.org\/{rel}","templated":true}]}}