{"id":49247,"date":"2025-11-27T22:23:49","date_gmt":"2025-11-28T02:23:49","guid":{"rendered":"https:\/\/ciudadtrujillo.com\/?p=49247"},"modified":"2025-11-27T22:23:49","modified_gmt":"2025-11-28T02:23:49","slug":"libano-denuncia-la-violacion-sistematica-del-cese-al-fuego-de-israel","status":"publish","type":"post","link":"https:\/\/ciudadtrujillo.com\/?p=49247","title":{"rendered":"L\u00edbano denuncia la violaci\u00f3n sistem\u00e1tica del cese al fuego de Israel"},"content":{"rendered":"<p style=\"text-align: justify;\">A un a\u00f1o de la firma del acuerdo de alto al fuego con Hezbol\u00e1, el Gobierno liban\u00e9s denunci\u00f3 que Israel contin\u00faa con agresiones sistem\u00e1ticas en el sur del pa\u00eds, incumpliendo de manera reiterada los compromisos pactados.<\/p>\n<p style=\"text-align: justify;\">Las autoridades se\u00f1alaron que los ataques israel\u00edes han alcanzado aldeas fronterizas, el Valle de la Bekaa y el suburbio sur de Beirut, dejando m\u00e1s de 330 civiles asesinados y centenares de heridos. Incluso posiciones del ej\u00e9rcito liban\u00e9s y de la Fuerza Provisional de las Naciones Unidas para L\u00edbano (UNIFIL) fueron blanco de bombardeos, lo que constituye una violaci\u00f3n grave del pacto de cese al fuego.<\/p>\n<p style=\"text-align: justify;\">Pese al acuerdo, Israel mantiene presencia militar en colinas estrat\u00e9gicas y ha incumplido los plazos establecidos para su retirada. Informes de la UNIFIL confirman m\u00e1s de 7.500 violaciones a\u00e9reas y 2.500 incursiones terrestres desde la firma del acuerdo, evidenciando un patr\u00f3n de hostilidad sostenida.<\/p>\n<p style=\"text-align: justify;\">El lunes 24 de noviembre, cientos de libaneses se movilizaron en Beirut para condenar los ataques y la injerencia estadounidense, que presiona por el desarme de Hezbol\u00e1. Los manifestantes reafirmaron el derecho a la resistencia y alertaron sobre el \u201cpeligro real\u201d que representa la ocupaci\u00f3n para la seguridad nacional, llamando a la unidad interna y proclamando a Beirut como la \u201ccapital de la resistencia y la firmeza \u00e1rabe\u201d.<\/p>\n<p style=\"text-align: justify;\">El activista internacional Georges Abdallah inst\u00f3 a intensificar las protestas tras los recientes ataques contra Haret Hreik y el campamento de Ain al-Hilweh. Subray\u00f3 que enfrentar la normalizaci\u00f3n con Israel es indispensable y reiter\u00f3 que \u201cel fusil de la resistencia contin\u00faa siendo el principal escudo de la soberan\u00eda en el L\u00edbano\u201d.<\/p>\n<p style=\"text-align: justify;\">La manifestaci\u00f3n tambi\u00e9n visibiliz\u00f3 la situaci\u00f3n de los detenidos libaneses en c\u00e1rceles israel\u00edes, un tema que, seg\u00fan los organizadores, ha sido desatendido por el Gobierno y los medios locales. Actualmente, m\u00e1s de una docena de ciudadanos permanecen encarcelados, varios de ellos secuestrados tras el acuerdo de noviembre de 2024.<\/p>\n<p style=\"text-align: justify;\">Las autoridades libanesas recalcaron que los ataques israel\u00edes constituyen la m\u00e1s reciente y flagrante violaci\u00f3n del alto al fuego firmado en 2024. Desde octubre de 2023, las ofensivas han provocado la muerte de aproximadamente 4.000 personas y el desplazamiento de m\u00e1s de 1,2 millones de residentes, profundizando la crisis humanitaria y poniendo en entredicho la vigencia del pacto.<\/p>\n<p>&nbsp;<\/p>\n<p>&nbsp;<\/p>\n<h6>\u00daN<\/h6>\n","protected":false},"excerpt":{"rendered":"<p>A un a\u00f1o de la firma del acuerdo de alto al fuego con Hezbol\u00e1, el Gobierno liban\u00e9s denunci\u00f3 que Israel contin\u00faa con agresiones sistem\u00e1ticas en el sur del pa\u00eds, incumpliendo&hellip; <\/p>\n","protected":false},"author":7,"featured_media":49248,"comment_status":"closed","ping_status":"closed","sticky":false,"template":"","format":"standard","meta":{"footnotes":""},"categories":[42],"tags":[],"class_list":["post-49247","post","type-post","status-publish","format-standard","has-post-thumbnail","hentry","category-mundo"],"_links":{"self":[{"href":"https:\/\/ciudadtrujillo.com\/index.php?rest_route=\/wp\/v2\/posts\/49247","targetHints":{"allow":["GET"]}}],"collection":[{"href":"https:\/\/ciudadtrujillo.com\/index.php?rest_route=\/wp\/v2\/posts"}],"about":[{"href":"https:\/\/ciudadtrujillo.com\/index.php?rest_route=\/wp\/v2\/types\/post"}],"author":[{"embeddable":true,"href":"https:\/\/ciudadtrujillo.com\/index.php?rest_route=\/wp\/v2\/users\/7"}],"replies":[{"embeddable":true,"href":"https:\/\/ciudadtrujillo.com\/index.php?rest_route=%2Fwp%2Fv2%2Fcomments&post=49247"}],"version-history":[{"count":1,"href":"https:\/\/ciudadtrujillo.com\/index.php?rest_route=\/wp\/v2\/posts\/49247\/revisions"}],"predecessor-version":[{"id":49249,"href":"https:\/\/ciudadtrujillo.com\/index.php?rest_route=\/wp\/v2\/posts\/49247\/revisions\/49249"}],"wp:featuredmedia":[{"embeddable":true,"href":"https:\/\/ciudadtrujillo.com\/index.php?rest_route=\/wp\/v2\/media\/49248"}],"wp:attachment":[{"href":"https:\/\/ciudadtrujillo.com\/index.php?rest_route=%2Fwp%2Fv2%2Fmedia&parent=49247"}],"wp:term":[{"taxonomy":"category","embeddable":true,"href":"https:\/\/ciudadtrujillo.com\/index.php?rest_route=%2Fwp%2Fv2%2Fcategories&post=49247"},{"taxonomy":"post_tag","embeddable":true,"href":"https:\/\/ciudadtrujillo.com\/index.php?rest_route=%2Fwp%2Fv2%2Ftags&post=49247"}],"curies":[{"name":"wp","href":"https:\/\/api.w.org\/{rel}","templated":true}]}}