{"id":49238,"date":"2025-11-26T23:04:51","date_gmt":"2025-11-27T03:04:51","guid":{"rendered":"https:\/\/ciudadtrujillo.com\/?p=49238"},"modified":"2025-11-26T23:04:51","modified_gmt":"2025-11-27T03:04:51","slug":"gobierno-de-trujillo-ejecuta-labores-de-recuperacion-en-liceo-vega-de-tostos","status":"publish","type":"post","link":"https:\/\/ciudadtrujillo.com\/?p=49238","title":{"rendered":"Gobierno de Trujillo ejecuta labores de recuperaci\u00f3n en Liceo Vega de Tost\u00f3s"},"content":{"rendered":"<p style=\"text-align: justify;\">Como parte de los trabajos que desarrolla el Ministerio para las Obras P\u00fablicas en el estado Trujillo, se ejecut\u00f3 la recolecci\u00f3n de material rocoso en la parte posterior del Liceo Vega de Tost\u00f3s del municipio Bocon\u00f3.<\/p>\n<p style=\"text-align: justify;\">La afectaci\u00f3n se gener\u00f3 a causa de las fuertes precipitaciones acaecidas en la entidad, por lo que se traslad\u00f3 el talento humano necesario para solventar dicha problem\u00e1tica y garantizar de esta manera condiciones seguras en esta casa de estudios.<\/p>\n<p style=\"text-align: justify;\">En este sentido, los trabajos se realizaron en articulaci\u00f3n con la Gobernaci\u00f3n de Trujillo, liderada por el My. Gerardo M\u00e1rquez, quien ha orientado en mantener espacios dignos para el Semillero de la Patria.<\/p>\n<p>&nbsp;<\/p>\n<p>&nbsp;<\/p>\n<h6>MPPOP Trujillo<br \/>\nGr\u00e1ficas: Cortes\u00eda<\/h6>\n","protected":false},"excerpt":{"rendered":"<p>Como parte de los trabajos que desarrolla el Ministerio para las Obras P\u00fablicas en el estado Trujillo, se ejecut\u00f3 la recolecci\u00f3n de material rocoso en la parte posterior del Liceo&hellip; <\/p>\n","protected":false},"author":7,"featured_media":49241,"comment_status":"closed","ping_status":"closed","sticky":false,"template":"","format":"standard","meta":{"footnotes":""},"categories":[40],"tags":[],"class_list":["post-49238","post","type-post","status-publish","format-standard","has-post-thumbnail","hentry","category-grantrujillo"],"_links":{"self":[{"href":"https:\/\/ciudadtrujillo.com\/index.php?rest_route=\/wp\/v2\/posts\/49238","targetHints":{"allow":["GET"]}}],"collection":[{"href":"https:\/\/ciudadtrujillo.com\/index.php?rest_route=\/wp\/v2\/posts"}],"about":[{"href":"https:\/\/ciudadtrujillo.com\/index.php?rest_route=\/wp\/v2\/types\/post"}],"author":[{"embeddable":true,"href":"https:\/\/ciudadtrujillo.com\/index.php?rest_route=\/wp\/v2\/users\/7"}],"replies":[{"embeddable":true,"href":"https:\/\/ciudadtrujillo.com\/index.php?rest_route=%2Fwp%2Fv2%2Fcomments&post=49238"}],"version-history":[{"count":1,"href":"https:\/\/ciudadtrujillo.com\/index.php?rest_route=\/wp\/v2\/posts\/49238\/revisions"}],"predecessor-version":[{"id":49242,"href":"https:\/\/ciudadtrujillo.com\/index.php?rest_route=\/wp\/v2\/posts\/49238\/revisions\/49242"}],"wp:featuredmedia":[{"embeddable":true,"href":"https:\/\/ciudadtrujillo.com\/index.php?rest_route=\/wp\/v2\/media\/49241"}],"wp:attachment":[{"href":"https:\/\/ciudadtrujillo.com\/index.php?rest_route=%2Fwp%2Fv2%2Fmedia&parent=49238"}],"wp:term":[{"taxonomy":"category","embeddable":true,"href":"https:\/\/ciudadtrujillo.com\/index.php?rest_route=%2Fwp%2Fv2%2Fcategories&post=49238"},{"taxonomy":"post_tag","embeddable":true,"href":"https:\/\/ciudadtrujillo.com\/index.php?rest_route=%2Fwp%2Fv2%2Ftags&post=49238"}],"curies":[{"name":"wp","href":"https:\/\/api.w.org\/{rel}","templated":true}]}}