{"id":49237,"date":"2025-11-26T23:02:17","date_gmt":"2025-11-27T03:02:17","guid":{"rendered":"https:\/\/ciudadtrujillo.com\/?p=49237"},"modified":"2025-11-26T23:02:17","modified_gmt":"2025-11-27T03:02:17","slug":"en-un-50-avanza-la-rehabilitacion-de-los-edificios-de-la-urbanizacion-el-prado","status":"publish","type":"post","link":"https:\/\/ciudadtrujillo.com\/?p=49237","title":{"rendered":"En un 50% avanza la rehabilitaci\u00f3n de los edificios de la Urbanizaci\u00f3n El Prado"},"content":{"rendered":"<p style=\"text-align: justify;\">El Ministerio del Poder Popular de Obras P\u00fablicas (MPPOP), en coordinaci\u00f3n con la Gobernaci\u00f3n de Trujillo y la Alcald\u00eda de Pampanito, avanza en un 50% con la rehabilitaci\u00f3n de los edificios en la Urbanizaci\u00f3n El Prado con el Plan Techo Comunal.<\/p>\n<p style=\"text-align: justify;\">Durante las jornadas se han ejecutado labores de remoci\u00f3n y colocaci\u00f3n del manto asf\u00e1ltico, lijado en paredes, pintura en exteriores, reparaci\u00f3n de acera y brocales, adem\u00e1s del desmalezamiento. Con la participaci\u00f3n de la Sala de Autogobierno cada habitante del urbanismo est\u00e1 remozando la pintura de los pasillos, barandas y protectores de las ventanas.<\/p>\n<p style=\"text-align: justify;\">El avance de esta obra corresponde al compromiso consolidado entre las instituciones presentes, tal y como lo orienta el presidente Nicol\u00e1s Maduro y el Gobernador Gerardo M\u00e1rquez.<\/p>\n<p>&nbsp;<\/p>\n<p>&nbsp;<\/p>\n<h6>MPPO Trujillo<br \/>\nGr\u00e1ficas: Cortes\u00eda<\/h6>\n","protected":false},"excerpt":{"rendered":"<p>El Ministerio del Poder Popular de Obras P\u00fablicas (MPPOP), en coordinaci\u00f3n con la Gobernaci\u00f3n de Trujillo y la Alcald\u00eda de Pampanito, avanza en un 50% con la rehabilitaci\u00f3n de los&hellip; <\/p>\n","protected":false},"author":7,"featured_media":49239,"comment_status":"closed","ping_status":"closed","sticky":false,"template":"","format":"standard","meta":{"footnotes":""},"categories":[40],"tags":[],"class_list":["post-49237","post","type-post","status-publish","format-standard","has-post-thumbnail","hentry","category-grantrujillo"],"_links":{"self":[{"href":"https:\/\/ciudadtrujillo.com\/index.php?rest_route=\/wp\/v2\/posts\/49237","targetHints":{"allow":["GET"]}}],"collection":[{"href":"https:\/\/ciudadtrujillo.com\/index.php?rest_route=\/wp\/v2\/posts"}],"about":[{"href":"https:\/\/ciudadtrujillo.com\/index.php?rest_route=\/wp\/v2\/types\/post"}],"author":[{"embeddable":true,"href":"https:\/\/ciudadtrujillo.com\/index.php?rest_route=\/wp\/v2\/users\/7"}],"replies":[{"embeddable":true,"href":"https:\/\/ciudadtrujillo.com\/index.php?rest_route=%2Fwp%2Fv2%2Fcomments&post=49237"}],"version-history":[{"count":1,"href":"https:\/\/ciudadtrujillo.com\/index.php?rest_route=\/wp\/v2\/posts\/49237\/revisions"}],"predecessor-version":[{"id":49240,"href":"https:\/\/ciudadtrujillo.com\/index.php?rest_route=\/wp\/v2\/posts\/49237\/revisions\/49240"}],"wp:featuredmedia":[{"embeddable":true,"href":"https:\/\/ciudadtrujillo.com\/index.php?rest_route=\/wp\/v2\/media\/49239"}],"wp:attachment":[{"href":"https:\/\/ciudadtrujillo.com\/index.php?rest_route=%2Fwp%2Fv2%2Fmedia&parent=49237"}],"wp:term":[{"taxonomy":"category","embeddable":true,"href":"https:\/\/ciudadtrujillo.com\/index.php?rest_route=%2Fwp%2Fv2%2Fcategories&post=49237"},{"taxonomy":"post_tag","embeddable":true,"href":"https:\/\/ciudadtrujillo.com\/index.php?rest_route=%2Fwp%2Fv2%2Ftags&post=49237"}],"curies":[{"name":"wp","href":"https:\/\/api.w.org\/{rel}","templated":true}]}}