{"id":49234,"date":"2025-11-26T21:08:07","date_gmt":"2025-11-27T01:08:07","guid":{"rendered":"https:\/\/ciudadtrujillo.com\/?p=49234"},"modified":"2025-11-26T21:08:07","modified_gmt":"2025-11-27T01:08:07","slug":"ministerio-publico-en-trujillo-arriba-a-sus-56-anos-velando-por-la-justicia-y-paz","status":"publish","type":"post","link":"https:\/\/ciudadtrujillo.com\/?p=49234","title":{"rendered":"Ministerio P\u00fablico en Trujillo arriba a sus 56 a\u00f1os velando por la justicia y paz"},"content":{"rendered":"<p style=\"text-align: justify;\">Este mi\u00e9rcoles, el Ministerio P\u00fablico en el estado Trujillo arrib\u00f3 a su aniversario 56\u00b0 \u00abvelando por la justicia y la defensa\u00bb en la entidad, as\u00ed lo describi\u00f3 el fiscal superior en esta jurisdicci\u00f3n, Jos\u00e9 Gregorio Andrade Brice\u00f1o, durante su discurso desde la plaza Bol\u00edvar del municipio capital.<\/p>\n<p style=\"text-align: justify;\">Como parte de la celebraci\u00f3n se desarrollaron actos religiosos y protocolares en la Iglesia Catedral Nuestra Se\u00f1ora de la Paz y la plaza Bol\u00edvar, respectivamente, en los que estuvieron presentes el gobernador Gerardo M\u00e1rquez, el alcalde de Trujillo, Carlos Ter\u00e1n, entre otras autoridades regionales y municipales.<\/p>\n<p style=\"text-align: justify;\">En este sentido, Andrade indic\u00f3 que cada funcionario p\u00fablico se debe caracterizar por su compromiso y dedicaci\u00f3n con el pueblo, \u00abCada acci\u00f3n que emprendemos debe estar orientada a la construcci\u00f3n de un pa\u00eds m\u00e1s justo. La paz no es solo la ausencia de conflicto sino la presencia de la justicia\u00bb, precis\u00f3.<\/p>\n<p style=\"text-align: justify;\">Finalmente, destac\u00f3 que desde este organismo se implementan los programas banderas en protecci\u00f3n y defensa de los adultos mayores, ni\u00f1os y en general.<\/p>\n<p>&nbsp;<\/p>\n<p>&nbsp;<\/p>\n<h6>Ciudad Trujillo<br \/>\nGr\u00e1ficas: DGPG<\/h6>\n","protected":false},"excerpt":{"rendered":"<p>Este mi\u00e9rcoles, el Ministerio P\u00fablico en el estado Trujillo arrib\u00f3 a su aniversario 56\u00b0 \u00abvelando por la justicia y la defensa\u00bb en la entidad, as\u00ed lo describi\u00f3 el fiscal superior&hellip; <\/p>\n","protected":false},"author":7,"featured_media":49235,"comment_status":"closed","ping_status":"closed","sticky":false,"template":"","format":"standard","meta":{"footnotes":""},"categories":[40],"tags":[],"class_list":["post-49234","post","type-post","status-publish","format-standard","has-post-thumbnail","hentry","category-grantrujillo"],"_links":{"self":[{"href":"https:\/\/ciudadtrujillo.com\/index.php?rest_route=\/wp\/v2\/posts\/49234","targetHints":{"allow":["GET"]}}],"collection":[{"href":"https:\/\/ciudadtrujillo.com\/index.php?rest_route=\/wp\/v2\/posts"}],"about":[{"href":"https:\/\/ciudadtrujillo.com\/index.php?rest_route=\/wp\/v2\/types\/post"}],"author":[{"embeddable":true,"href":"https:\/\/ciudadtrujillo.com\/index.php?rest_route=\/wp\/v2\/users\/7"}],"replies":[{"embeddable":true,"href":"https:\/\/ciudadtrujillo.com\/index.php?rest_route=%2Fwp%2Fv2%2Fcomments&post=49234"}],"version-history":[{"count":1,"href":"https:\/\/ciudadtrujillo.com\/index.php?rest_route=\/wp\/v2\/posts\/49234\/revisions"}],"predecessor-version":[{"id":49236,"href":"https:\/\/ciudadtrujillo.com\/index.php?rest_route=\/wp\/v2\/posts\/49234\/revisions\/49236"}],"wp:featuredmedia":[{"embeddable":true,"href":"https:\/\/ciudadtrujillo.com\/index.php?rest_route=\/wp\/v2\/media\/49235"}],"wp:attachment":[{"href":"https:\/\/ciudadtrujillo.com\/index.php?rest_route=%2Fwp%2Fv2%2Fmedia&parent=49234"}],"wp:term":[{"taxonomy":"category","embeddable":true,"href":"https:\/\/ciudadtrujillo.com\/index.php?rest_route=%2Fwp%2Fv2%2Fcategories&post=49234"},{"taxonomy":"post_tag","embeddable":true,"href":"https:\/\/ciudadtrujillo.com\/index.php?rest_route=%2Fwp%2Fv2%2Ftags&post=49234"}],"curies":[{"name":"wp","href":"https:\/\/api.w.org\/{rel}","templated":true}]}}