{"id":49218,"date":"2025-11-25T19:51:00","date_gmt":"2025-11-25T23:51:00","guid":{"rendered":"https:\/\/ciudadtrujillo.com\/?p=49218"},"modified":"2025-11-25T19:51:00","modified_gmt":"2025-11-25T23:51:00","slug":"maduro-la-espada-de-bolivar-esta-viva-y-combate-con-el-pueblo","status":"publish","type":"post","link":"https:\/\/ciudadtrujillo.com\/?p=49218","title":{"rendered":"Maduro: la espada de Bol\u00edvar est\u00e1 viva y combate con el pueblo"},"content":{"rendered":"<p style=\"text-align: justify;\">El presidente de la Rep\u00fablica, Nicol\u00e1s Maduro, se incorpor\u00f3 este martes a la marcha realizada con motivo del Bicentenario de la entrega de la Espada del Per\u00fa al Libertador Sim\u00f3n Bol\u00edvar.<\/p>\n<p style=\"text-align: justify;\">En el paseo de Los Pr\u00f3ceres, el comandante en jefe de la Fuerza Armada Nacional Bolivariana, (FANB), vestido con una chaqueta militar, camin\u00f3 varios kil\u00f3metros acompa\u00f1ado de integrantes de su Gabinete Ejecutivo.<\/p>\n<p style=\"text-align: justify;\">Al llegar a la tarima, ubicada en el Patio de Honor de la Academia Militar, el primer mandatario nacional recibi\u00f3 de manos de un cadete la Espada del Per\u00fa, s\u00edmbolo del homenaje que en 1825 le fuera rendido al Padre de la Patria por su gesta independentista que alcanz\u00f3 liberar al pa\u00eds andino. \u00abHoy, en su Bicentenario, est\u00e1 m\u00e1s vigente que nunca su libertad y paz. La recibo 200 a\u00f1os despu\u00e9s, con su energ\u00eda y su fuerza libertadora, emancipadora de pueblos. Esa es la espada de la victoria de toda Suram\u00e9rica\u00bb, afirm\u00f3.<\/p>\n<p style=\"text-align: justify;\">\u00abCompatriotas de nuestra Am\u00e9rica, la espada de Bol\u00edvar est\u00e1 viva, camina por Am\u00e9rica Latina y combate en las calles junto a los pueblos por la verdadera independencia del siglo XXI \u00a1Que viva Bol\u00edvar y su espada redentora!\u00bb, enfatiz\u00f3.<\/p>\n<p style=\"text-align: justify;\">\n<h6 style=\"text-align: justify;\">\u00daN<\/h6>\n","protected":false},"excerpt":{"rendered":"<p>El presidente de la Rep\u00fablica, Nicol\u00e1s Maduro, se incorpor\u00f3 este martes a la marcha realizada con motivo del Bicentenario de la entrega de la Espada del Per\u00fa al Libertador Sim\u00f3n&hellip; <\/p>\n","protected":false},"author":7,"featured_media":49219,"comment_status":"closed","ping_status":"closed","sticky":false,"template":"","format":"standard","meta":{"footnotes":""},"categories":[41],"tags":[],"class_list":["post-49218","post","type-post","status-publish","format-standard","has-post-thumbnail","hentry","category-pais"],"_links":{"self":[{"href":"https:\/\/ciudadtrujillo.com\/index.php?rest_route=\/wp\/v2\/posts\/49218","targetHints":{"allow":["GET"]}}],"collection":[{"href":"https:\/\/ciudadtrujillo.com\/index.php?rest_route=\/wp\/v2\/posts"}],"about":[{"href":"https:\/\/ciudadtrujillo.com\/index.php?rest_route=\/wp\/v2\/types\/post"}],"author":[{"embeddable":true,"href":"https:\/\/ciudadtrujillo.com\/index.php?rest_route=\/wp\/v2\/users\/7"}],"replies":[{"embeddable":true,"href":"https:\/\/ciudadtrujillo.com\/index.php?rest_route=%2Fwp%2Fv2%2Fcomments&post=49218"}],"version-history":[{"count":1,"href":"https:\/\/ciudadtrujillo.com\/index.php?rest_route=\/wp\/v2\/posts\/49218\/revisions"}],"predecessor-version":[{"id":49220,"href":"https:\/\/ciudadtrujillo.com\/index.php?rest_route=\/wp\/v2\/posts\/49218\/revisions\/49220"}],"wp:featuredmedia":[{"embeddable":true,"href":"https:\/\/ciudadtrujillo.com\/index.php?rest_route=\/wp\/v2\/media\/49219"}],"wp:attachment":[{"href":"https:\/\/ciudadtrujillo.com\/index.php?rest_route=%2Fwp%2Fv2%2Fmedia&parent=49218"}],"wp:term":[{"taxonomy":"category","embeddable":true,"href":"https:\/\/ciudadtrujillo.com\/index.php?rest_route=%2Fwp%2Fv2%2Fcategories&post=49218"},{"taxonomy":"post_tag","embeddable":true,"href":"https:\/\/ciudadtrujillo.com\/index.php?rest_route=%2Fwp%2Fv2%2Ftags&post=49218"}],"curies":[{"name":"wp","href":"https:\/\/api.w.org\/{rel}","templated":true}]}}