{"id":49214,"date":"2025-11-25T19:48:13","date_gmt":"2025-11-25T23:48:13","guid":{"rendered":"https:\/\/ciudadtrujillo.com\/?p=49214"},"modified":"2025-11-25T19:48:13","modified_gmt":"2025-11-25T23:48:13","slug":"trujillo-honra-como-pueblo-soberano-la-espada-de-bolivar-y-la-bandera-nacional","status":"publish","type":"post","link":"https:\/\/ciudadtrujillo.com\/?p=49214","title":{"rendered":"Trujillo honra como pueblo soberano la Espada de Bol\u00edvar y la Bandera Nacional"},"content":{"rendered":"<p style=\"text-align: justify;\">En una expresi\u00f3n de soberan\u00eda y sentimiento de venezolanidad, el pueblo trujillano se moviliz\u00f3 este martes en el municipio capital para honrar la Espada de Bol\u00edvar y la Bandera Nacional. La marcha parti\u00f3 desde las adyacencias de la Escuela Am\u00e9rico Brice\u00f1o Valero, en el sector Santa Rosa, con llegada a las inmediaciones del Consejo Legislativo del estado Trujillo.<\/p>\n<p style=\"text-align: justify;\">Con amplia participaci\u00f3n ciudadana, entre consignas, fervor y alegr\u00eda, el Poder Popular ratific\u00f3 su voluntad de defender los s\u00edmbolos patrios y el suelo venezolano como legado emancipador del Libertador Sim\u00f3n Bol\u00edvar.<\/p>\n<p style=\"text-align: justify;\">\u00abDesde el estado Trujillo marchamos para demostrarle al mundo que nuestros s\u00edmbolos han venido siendo bien representados y que seguimos en la lucha porque aqu\u00ed hay una Patria con un pueblo organizado\u00bb, dijo Mar\u00eda Avenda\u00f1o, al se\u00f1alar que la Bandera nacional de ocho estrellas es emblema de resistencia y lucha.<\/p>\n<p style=\"text-align: justify;\">Por su parte, Hilda Cadenas, dirigente de la juventud en el estado, indic\u00f3 que la muchachada trujillana se desplaza para \u00abdefender y realzar nuestra bandera y honrar a Sim\u00f3n Bol\u00edvar que con su espada libert\u00f3 a Venezuela\u00bb.<\/p>\n<p style=\"text-align: justify;\">Al respecto, el alcalde del municipio Trujillo (capital), Carlos Ter\u00e1n, asever\u00f3 que Venezuela, con su bandera tricolor, aguardar\u00e1 el legado independentista frente a los ataques imperiales. \u00abEs nuestro pueblo heroico el que est\u00e1 en la calle defendiendo su territorio\u00bb, expres\u00f3.<\/p>\n<p>&nbsp;<\/p>\n<p>&nbsp;<\/p>\n<h6>Ciudad Trujillo<br \/>\nGr\u00e1ficas: DGPG<\/h6>\n","protected":false},"excerpt":{"rendered":"<p>En una expresi\u00f3n de soberan\u00eda y sentimiento de venezolanidad, el pueblo trujillano se moviliz\u00f3 este martes en el municipio capital para honrar la Espada de Bol\u00edvar y la Bandera Nacional.&hellip; <\/p>\n","protected":false},"author":7,"featured_media":49216,"comment_status":"closed","ping_status":"closed","sticky":false,"template":"","format":"standard","meta":{"footnotes":""},"categories":[40],"tags":[],"class_list":["post-49214","post","type-post","status-publish","format-standard","has-post-thumbnail","hentry","category-grantrujillo"],"_links":{"self":[{"href":"https:\/\/ciudadtrujillo.com\/index.php?rest_route=\/wp\/v2\/posts\/49214","targetHints":{"allow":["GET"]}}],"collection":[{"href":"https:\/\/ciudadtrujillo.com\/index.php?rest_route=\/wp\/v2\/posts"}],"about":[{"href":"https:\/\/ciudadtrujillo.com\/index.php?rest_route=\/wp\/v2\/types\/post"}],"author":[{"embeddable":true,"href":"https:\/\/ciudadtrujillo.com\/index.php?rest_route=\/wp\/v2\/users\/7"}],"replies":[{"embeddable":true,"href":"https:\/\/ciudadtrujillo.com\/index.php?rest_route=%2Fwp%2Fv2%2Fcomments&post=49214"}],"version-history":[{"count":1,"href":"https:\/\/ciudadtrujillo.com\/index.php?rest_route=\/wp\/v2\/posts\/49214\/revisions"}],"predecessor-version":[{"id":49217,"href":"https:\/\/ciudadtrujillo.com\/index.php?rest_route=\/wp\/v2\/posts\/49214\/revisions\/49217"}],"wp:featuredmedia":[{"embeddable":true,"href":"https:\/\/ciudadtrujillo.com\/index.php?rest_route=\/wp\/v2\/media\/49216"}],"wp:attachment":[{"href":"https:\/\/ciudadtrujillo.com\/index.php?rest_route=%2Fwp%2Fv2%2Fmedia&parent=49214"}],"wp:term":[{"taxonomy":"category","embeddable":true,"href":"https:\/\/ciudadtrujillo.com\/index.php?rest_route=%2Fwp%2Fv2%2Fcategories&post=49214"},{"taxonomy":"post_tag","embeddable":true,"href":"https:\/\/ciudadtrujillo.com\/index.php?rest_route=%2Fwp%2Fv2%2Ftags&post=49214"}],"curies":[{"name":"wp","href":"https:\/\/api.w.org\/{rel}","templated":true}]}}