{"id":49211,"date":"2025-11-25T19:45:32","date_gmt":"2025-11-25T23:45:32","guid":{"rendered":"https:\/\/ciudadtrujillo.com\/?p=49211"},"modified":"2025-11-25T19:45:32","modified_gmt":"2025-11-25T23:45:32","slug":"direccion-regional-el-nino-simon-trujillo-celebra-57-anos-de-compromiso-y-esperanza","status":"publish","type":"post","link":"https:\/\/ciudadtrujillo.com\/?p=49211","title":{"rendered":"Direcci\u00f3n Regional \u00abEl Ni\u00f1o Sim\u00f3n\u00bb Trujillo celebra 57 a\u00f1os de compromiso y esperanza"},"content":{"rendered":"<p style=\"text-align: justify;\">La Direcci\u00f3n Regional \u201cEl Ni\u00f1o Sim\u00f3n\u201d Trujillo, liderada por la Lcda. Reyna P\u00e9rez de M\u00e1rquez, celebra su 57 aniversario reafirmando su compromiso y garantizando atenci\u00f3n integral al Semillero de la Patria. Desde su fundaci\u00f3n en el a\u00f1o 1968, la instituci\u00f3n ha trabajado incansablemente para brindar un futuro m\u00e1s brillante y justo a las generaciones m\u00e1s j\u00f3venes del estado.<\/p>\n<p style=\"text-align: justify;\">Esta instituci\u00f3n, adscrita al Ministerio del Poder Popular para el Despacho de la Presidencia y Seguimiento de la Gesti\u00f3n de Gobierno y al Viceministerio de la Suprema Felicidad Social del Pueblo, ejecuta planes y programas orientados a la atenci\u00f3n y el bienestar integral de la poblaci\u00f3n infantil y adolescente de manera eficiente, oportuna y efectiva.<\/p>\n<p style=\"text-align: justify;\">A lo largo de estos 57 a\u00f1os, se han implementado programas que abordan las diversas necesidades de los ni\u00f1os y adolescentes, desde la educaci\u00f3n, salud y recreaci\u00f3n, hasta la protecci\u00f3n contra la violencia y la explotaci\u00f3n, logrando impactar positivamente la vida de miles de menores de edad, brind\u00e1ndoles herramientas y oportunidades para que puedan alcanzar su m\u00e1ximo potencial.<\/p>\n<h3 style=\"text-align: justify;\">Programaci\u00f3n de aniversario<\/h3>\n<p style=\"text-align: justify;\">El aniversario se celebra con una serie de actividades que incluyen talleres, misa en acci\u00f3n de gracias en el Santuario de Isnot\u00fa y juegos deportivos para todos los trabajadores.<\/p>\n<p style=\"text-align: justify;\">En este sentido P\u00e9rez de M\u00e1rquez, indic\u00f3: \u00abCada a\u00f1o que pasa reafirmamos nuestra misi\u00f3n, trabajar con amor y compromiso para servir con el coraz\u00f3n, dar lo mejor por nuestros ni\u00f1os. Este aniversario no solo es una celebraci\u00f3n de nuestro legado, sino tambi\u00e9n un llamado a seguir luchando por un mundo en el que todos los ni\u00f1os, ni\u00f1as y adolescentes puedan vivir con dignidad, seguridad y esperanza\u00bb.<\/p>\n<p style=\"text-align: justify;\">Desde la Direcci\u00f3n Regional \u201cEl Ni\u00f1o Sim\u00f3n\u201d Trujillo, se reafirma el compromiso de seguir trabajando para construir un futuro mejor para los ni\u00f1os, ni\u00f1as y adolescentes.<\/p>\n","protected":false},"excerpt":{"rendered":"<p>La Direcci\u00f3n Regional \u201cEl Ni\u00f1o Sim\u00f3n\u201d Trujillo, liderada por la Lcda. Reyna P\u00e9rez de M\u00e1rquez, celebra su 57 aniversario reafirmando su compromiso y garantizando atenci\u00f3n integral al Semillero de la&hellip; <\/p>\n","protected":false},"author":7,"featured_media":49212,"comment_status":"closed","ping_status":"closed","sticky":false,"template":"","format":"standard","meta":{"footnotes":""},"categories":[40],"tags":[],"class_list":["post-49211","post","type-post","status-publish","format-standard","has-post-thumbnail","hentry","category-grantrujillo"],"_links":{"self":[{"href":"https:\/\/ciudadtrujillo.com\/index.php?rest_route=\/wp\/v2\/posts\/49211","targetHints":{"allow":["GET"]}}],"collection":[{"href":"https:\/\/ciudadtrujillo.com\/index.php?rest_route=\/wp\/v2\/posts"}],"about":[{"href":"https:\/\/ciudadtrujillo.com\/index.php?rest_route=\/wp\/v2\/types\/post"}],"author":[{"embeddable":true,"href":"https:\/\/ciudadtrujillo.com\/index.php?rest_route=\/wp\/v2\/users\/7"}],"replies":[{"embeddable":true,"href":"https:\/\/ciudadtrujillo.com\/index.php?rest_route=%2Fwp%2Fv2%2Fcomments&post=49211"}],"version-history":[{"count":1,"href":"https:\/\/ciudadtrujillo.com\/index.php?rest_route=\/wp\/v2\/posts\/49211\/revisions"}],"predecessor-version":[{"id":49213,"href":"https:\/\/ciudadtrujillo.com\/index.php?rest_route=\/wp\/v2\/posts\/49211\/revisions\/49213"}],"wp:featuredmedia":[{"embeddable":true,"href":"https:\/\/ciudadtrujillo.com\/index.php?rest_route=\/wp\/v2\/media\/49212"}],"wp:attachment":[{"href":"https:\/\/ciudadtrujillo.com\/index.php?rest_route=%2Fwp%2Fv2%2Fmedia&parent=49211"}],"wp:term":[{"taxonomy":"category","embeddable":true,"href":"https:\/\/ciudadtrujillo.com\/index.php?rest_route=%2Fwp%2Fv2%2Fcategories&post=49211"},{"taxonomy":"post_tag","embeddable":true,"href":"https:\/\/ciudadtrujillo.com\/index.php?rest_route=%2Fwp%2Fv2%2Ftags&post=49211"}],"curies":[{"name":"wp","href":"https:\/\/api.w.org\/{rel}","templated":true}]}}