{"id":49208,"date":"2025-11-25T19:43:45","date_gmt":"2025-11-25T23:43:45","guid":{"rendered":"https:\/\/ciudadtrujillo.com\/?p=49208"},"modified":"2025-11-25T19:43:47","modified_gmt":"2025-11-25T23:43:47","slug":"direccion-de-desarrollo-del-poder-popular-se-despliega-en-cinco-municipios-para-consolidar-el-estado-comunal","status":"publish","type":"post","link":"https:\/\/ciudadtrujillo.com\/?p=49208","title":{"rendered":"Direcci\u00f3n de Desarrollo del Poder Popular se despliega en cinco municipios para consolidar el Estado Comunal"},"content":{"rendered":"<p style=\"text-align: justify;\">La Direcci\u00f3n General de Desarrollo y Consolidaci\u00f3n del Poder Popular de la Gobernaci\u00f3n de Trujillo realiz\u00f3 un amplio despliegue por los municipios Bocon\u00f3, Pampanito, Valera, Carache y La Ceiba. El equipo multidisciplinario tuvo como objetivo principal orientar a los voceros y voceras comunales para garantizar una participaci\u00f3n activa del Poder Comunal.<\/p>\n<p style=\"text-align: justify;\">La jornada cont\u00f3 con el acompa\u00f1amiento de Luis Venegas, director territorial del Consejo Federal de Gobierno; Henry Ruiz de Fundacomunal Trujillo; Pedro Gonz\u00e1lez en representaci\u00f3n del Ministerio del Poder Popular para las Comunas, Movimientos Sociales y Agricultura Urbana en el estado y la directora de Desarrollo y Consolidaci\u00f3n del Poder Popular, Ang\u00e9lica Mor\u00f3n.<\/p>\n<p>Durante los encuentros, se transmiti\u00f3 un mensaje clave sobre la importancia de consolidar el nuevo Estado Comunal. Asimismo, se enfatiz\u00f3 en el cumplimiento riguroso de los procesos necesarios para garantizar la transferencia efectiva de competencias y recursos a las Comunas y Circuitos Comunales, un paso fundamental para el fortalecimiento del autogobierno en la regi\u00f3n.<\/p>\n<p style=\"text-align: justify;\">Los responsables regionales reafirmaron que se mantienen en batalla, desplegados, siguiendo los lineamientos del Presidente Nicol\u00e1s Maduro y del gobernador Gerardo M\u00e1rquez.<\/p>\n<p>&nbsp;<\/p>\n<p>&nbsp;<\/p>\n<h6>Prensa Direcci\u00f3n General de Desarrollo y Consolidaci\u00f3n del Poder Popular<\/h6>\n","protected":false},"excerpt":{"rendered":"<p>La Direcci\u00f3n General de Desarrollo y Consolidaci\u00f3n del Poder Popular de la Gobernaci\u00f3n de Trujillo realiz\u00f3 un amplio despliegue por los municipios Bocon\u00f3, Pampanito, Valera, Carache y La Ceiba. El&hellip; <\/p>\n","protected":false},"author":7,"featured_media":49209,"comment_status":"closed","ping_status":"closed","sticky":false,"template":"","format":"standard","meta":{"footnotes":""},"categories":[40],"tags":[],"class_list":["post-49208","post","type-post","status-publish","format-standard","has-post-thumbnail","hentry","category-grantrujillo"],"_links":{"self":[{"href":"https:\/\/ciudadtrujillo.com\/index.php?rest_route=\/wp\/v2\/posts\/49208","targetHints":{"allow":["GET"]}}],"collection":[{"href":"https:\/\/ciudadtrujillo.com\/index.php?rest_route=\/wp\/v2\/posts"}],"about":[{"href":"https:\/\/ciudadtrujillo.com\/index.php?rest_route=\/wp\/v2\/types\/post"}],"author":[{"embeddable":true,"href":"https:\/\/ciudadtrujillo.com\/index.php?rest_route=\/wp\/v2\/users\/7"}],"replies":[{"embeddable":true,"href":"https:\/\/ciudadtrujillo.com\/index.php?rest_route=%2Fwp%2Fv2%2Fcomments&post=49208"}],"version-history":[{"count":1,"href":"https:\/\/ciudadtrujillo.com\/index.php?rest_route=\/wp\/v2\/posts\/49208\/revisions"}],"predecessor-version":[{"id":49210,"href":"https:\/\/ciudadtrujillo.com\/index.php?rest_route=\/wp\/v2\/posts\/49208\/revisions\/49210"}],"wp:featuredmedia":[{"embeddable":true,"href":"https:\/\/ciudadtrujillo.com\/index.php?rest_route=\/wp\/v2\/media\/49209"}],"wp:attachment":[{"href":"https:\/\/ciudadtrujillo.com\/index.php?rest_route=%2Fwp%2Fv2%2Fmedia&parent=49208"}],"wp:term":[{"taxonomy":"category","embeddable":true,"href":"https:\/\/ciudadtrujillo.com\/index.php?rest_route=%2Fwp%2Fv2%2Fcategories&post=49208"},{"taxonomy":"post_tag","embeddable":true,"href":"https:\/\/ciudadtrujillo.com\/index.php?rest_route=%2Fwp%2Fv2%2Ftags&post=49208"}],"curies":[{"name":"wp","href":"https:\/\/api.w.org\/{rel}","templated":true}]}}