{"id":49205,"date":"2025-11-25T19:41:06","date_gmt":"2025-11-25T23:41:06","guid":{"rendered":"https:\/\/ciudadtrujillo.com\/?p=49205"},"modified":"2025-11-25T19:41:06","modified_gmt":"2025-11-25T23:41:06","slug":"en-festival-de-teatro-venezolano-el-trujillano-ulises-balestrini-recibe-condecoracion-por-su-trayectoria","status":"publish","type":"post","link":"https:\/\/ciudadtrujillo.com\/?p=49205","title":{"rendered":"En Festival de Teatro Venezolano el trujillano Ulises Balestrini recibe condecoraci\u00f3n por su trayectoria"},"content":{"rendered":"<p style=\"text-align: justify;\">Durante el cierre del Festival de Teatro Venezolano (FTV), celebrado recientemente en la Casa del Obrero de Caracas ante 160 mil espectadores, se llev\u00f3 a cabo la entrega, por primera vez, de la Orden C\u00e9sar Rengifo en su \u00fanica clase a los homenajeados del evento, para reconocer la trayectoria sobre las tablas de destacados artistas de los diferentes estados del pa\u00eds.<\/p>\n<p style=\"text-align: justify;\">Por la entidad, recibi\u00f3 la condecoraci\u00f3n el maestro de teatro Ulises Balestrini, quien dedic\u00f3 este merecido reconocimiento especialmente a los asistidos del Servicio Administrativo de Protecci\u00f3n al Ni\u00f1o, Ni\u00f1a y Adolescente del estado Trujillo (Sapnnaet), instituci\u00f3n donde forma en esta disciplina art\u00edstica a quienes integran el Programa Abrigo y el Programa Socioeducativo.<\/p>\n<p style=\"text-align: justify;\">Balestrini, quien es licenciado en Educaci\u00f3n, menci\u00f3n Desarrollo Cultural, recibi\u00f3 de manos del ministro de Cultura, Ernesto Villegas, un diploma, la medalla de honor y el bot\u00f3n al reconocimiento.<\/p>\n<p style=\"text-align: justify;\">Parte de la trayectoria del maestro de teatro ha estado dedicada en su participaci\u00f3n en los Viacrucis Vivientes. Tambi\u00e9n colabor\u00f3 con Sim\u00f3n Rojas y Pilar Romero, excelsas figuras del teatro venezolano, con qui\u00e9nes cofund\u00f3 el Teatro Nacional Juvenil (TNJ), N\u00facleo Valera, cuya experiencia le permiti\u00f3 llevar el arte trujillano al pa\u00eds y fuera de sus fronteras.<\/p>\n<p style=\"text-align: justify;\">Tambi\u00e9n, Balestrini fue fundador del grupo de teatro \u00abArtesvi\u00bb (Artes Esc\u00e9nicas para la Vida) y del grupo de teatro \u00abSombras Blancas\u00bb, una herencia art\u00edstica que ha dejado huella.<\/p>\n<p>&nbsp;<\/p>\n<p>&nbsp;<\/p>\n<h6>Yelimar Hidalgo<br \/>\nGr\u00e1ficas: cortes\u00eda<\/h6>\n","protected":false},"excerpt":{"rendered":"<p>Durante el cierre del Festival de Teatro Venezolano (FTV), celebrado recientemente en la Casa del Obrero de Caracas ante 160 mil espectadores, se llev\u00f3 a cabo la entrega, por primera&hellip; <\/p>\n","protected":false},"author":7,"featured_media":49206,"comment_status":"closed","ping_status":"closed","sticky":false,"template":"","format":"standard","meta":{"footnotes":""},"categories":[40],"tags":[],"class_list":["post-49205","post","type-post","status-publish","format-standard","has-post-thumbnail","hentry","category-grantrujillo"],"_links":{"self":[{"href":"https:\/\/ciudadtrujillo.com\/index.php?rest_route=\/wp\/v2\/posts\/49205","targetHints":{"allow":["GET"]}}],"collection":[{"href":"https:\/\/ciudadtrujillo.com\/index.php?rest_route=\/wp\/v2\/posts"}],"about":[{"href":"https:\/\/ciudadtrujillo.com\/index.php?rest_route=\/wp\/v2\/types\/post"}],"author":[{"embeddable":true,"href":"https:\/\/ciudadtrujillo.com\/index.php?rest_route=\/wp\/v2\/users\/7"}],"replies":[{"embeddable":true,"href":"https:\/\/ciudadtrujillo.com\/index.php?rest_route=%2Fwp%2Fv2%2Fcomments&post=49205"}],"version-history":[{"count":1,"href":"https:\/\/ciudadtrujillo.com\/index.php?rest_route=\/wp\/v2\/posts\/49205\/revisions"}],"predecessor-version":[{"id":49207,"href":"https:\/\/ciudadtrujillo.com\/index.php?rest_route=\/wp\/v2\/posts\/49205\/revisions\/49207"}],"wp:featuredmedia":[{"embeddable":true,"href":"https:\/\/ciudadtrujillo.com\/index.php?rest_route=\/wp\/v2\/media\/49206"}],"wp:attachment":[{"href":"https:\/\/ciudadtrujillo.com\/index.php?rest_route=%2Fwp%2Fv2%2Fmedia&parent=49205"}],"wp:term":[{"taxonomy":"category","embeddable":true,"href":"https:\/\/ciudadtrujillo.com\/index.php?rest_route=%2Fwp%2Fv2%2Fcategories&post=49205"},{"taxonomy":"post_tag","embeddable":true,"href":"https:\/\/ciudadtrujillo.com\/index.php?rest_route=%2Fwp%2Fv2%2Ftags&post=49205"}],"curies":[{"name":"wp","href":"https:\/\/api.w.org\/{rel}","templated":true}]}}