{"id":49200,"date":"2025-11-25T19:39:03","date_gmt":"2025-11-25T23:39:03","guid":{"rendered":"https:\/\/ciudadtrujillo.com\/?p=49200"},"modified":"2025-11-25T19:39:03","modified_gmt":"2025-11-25T23:39:03","slug":"mippci-realiza-jornada-de-certificados-de-pni-en-trujillo","status":"publish","type":"post","link":"https:\/\/ciudadtrujillo.com\/?p=49200","title":{"rendered":"Mippci realiza jornada de certificados de PNI en Trujillo"},"content":{"rendered":"<p style=\"text-align: justify;\">Tal como estaba previsto, este martes, en la sede de la Emisora Paisana 92.5 FM, ubicada en el Palacio de Gobierno en el municipio Trujillo (capital), inici\u00f3 la jornada de registro y renovaci\u00f3n de certificados de Producci\u00f3n Nacional Independiente (PNI) que se realizar\u00e1 por tres d\u00edas consecutivos para atender a toda aquella poblaci\u00f3n interesada en el \u00e1rea comunicacional.<\/p>\n<p style=\"text-align: justify;\">La jornada continuar\u00e1 este mi\u00e9rcoles 26 de noviembre, con horario de atenci\u00f3n de 9:00 am a 3:00 pm, en la sede de Radio Paisana 92.5 FM, y se extender\u00e1 hasta el jueves 27 de noviembre, efectu\u00e1ndose esta \u00faltima, de 9:00 am a 3:00 pm en el Despacho del Gobernador del municipio Bocon\u00f3.<\/p>\n<p style=\"text-align: justify;\">Esta jornada se desarrolla por parte del Ministerio del Poder Popular para la Comunicaci\u00f3n e Informaci\u00f3n (Mippci), a trav\u00e9s de la Direcci\u00f3n General de Responsabilidad Social y Producci\u00f3n Nacional Independiente, con apoyo de la Gobernaci\u00f3n Bolivariana del estado Trujillo, dirigida especialmente a personas naturales y jur\u00eddicas vinculadas con la producci\u00f3n audiovisual y sonora.<\/p>\n<p style=\"text-align: justify;\">Las personas interesadas en la inscripci\u00f3n y renovaci\u00f3n de certificados de PNI deber\u00e1n consignar los requisitos y documentos publicados en el siguiente enlace: http:\/\/mippci.gov.ve.\/index.php\/documentos-pni\/, de acuerdo con lo establecido en la Ley de Responsabilidad Social en Radio, Televisi\u00f3n y Medios Electr\u00f3nicos, y las normas sobre el registro de Productores Nacionales Independientes.<\/p>\n<p>&nbsp;<\/p>\n<p>&nbsp;<\/p>\n<h6>Ciudad Trujillo<\/h6>\n","protected":false},"excerpt":{"rendered":"<p>Tal como estaba previsto, este martes, en la sede de la Emisora Paisana 92.5 FM, ubicada en el Palacio de Gobierno en el municipio Trujillo (capital), inici\u00f3 la jornada de&hellip; <\/p>\n","protected":false},"author":7,"featured_media":49203,"comment_status":"closed","ping_status":"closed","sticky":false,"template":"","format":"standard","meta":{"footnotes":""},"categories":[40],"tags":[],"class_list":["post-49200","post","type-post","status-publish","format-standard","has-post-thumbnail","hentry","category-grantrujillo"],"_links":{"self":[{"href":"https:\/\/ciudadtrujillo.com\/index.php?rest_route=\/wp\/v2\/posts\/49200","targetHints":{"allow":["GET"]}}],"collection":[{"href":"https:\/\/ciudadtrujillo.com\/index.php?rest_route=\/wp\/v2\/posts"}],"about":[{"href":"https:\/\/ciudadtrujillo.com\/index.php?rest_route=\/wp\/v2\/types\/post"}],"author":[{"embeddable":true,"href":"https:\/\/ciudadtrujillo.com\/index.php?rest_route=\/wp\/v2\/users\/7"}],"replies":[{"embeddable":true,"href":"https:\/\/ciudadtrujillo.com\/index.php?rest_route=%2Fwp%2Fv2%2Fcomments&post=49200"}],"version-history":[{"count":1,"href":"https:\/\/ciudadtrujillo.com\/index.php?rest_route=\/wp\/v2\/posts\/49200\/revisions"}],"predecessor-version":[{"id":49204,"href":"https:\/\/ciudadtrujillo.com\/index.php?rest_route=\/wp\/v2\/posts\/49200\/revisions\/49204"}],"wp:featuredmedia":[{"embeddable":true,"href":"https:\/\/ciudadtrujillo.com\/index.php?rest_route=\/wp\/v2\/media\/49203"}],"wp:attachment":[{"href":"https:\/\/ciudadtrujillo.com\/index.php?rest_route=%2Fwp%2Fv2%2Fmedia&parent=49200"}],"wp:term":[{"taxonomy":"category","embeddable":true,"href":"https:\/\/ciudadtrujillo.com\/index.php?rest_route=%2Fwp%2Fv2%2Fcategories&post=49200"},{"taxonomy":"post_tag","embeddable":true,"href":"https:\/\/ciudadtrujillo.com\/index.php?rest_route=%2Fwp%2Fv2%2Ftags&post=49200"}],"curies":[{"name":"wp","href":"https:\/\/api.w.org\/{rel}","templated":true}]}}