{"id":49193,"date":"2025-11-25T19:34:17","date_gmt":"2025-11-25T23:34:17","guid":{"rendered":"https:\/\/ciudadtrujillo.com\/?p=49193"},"modified":"2025-11-25T19:34:17","modified_gmt":"2025-11-25T23:34:17","slug":"ucrania-aceptaria-acuerdos-de-paz-de-eeuu-con-detalles-menores","status":"publish","type":"post","link":"https:\/\/ciudadtrujillo.com\/?p=49193","title":{"rendered":"Ucrania aceptar\u00eda acuerdos de paz de EEUU con \u201cdetalles menores\u201d"},"content":{"rendered":"<p style=\"text-align: justify;\">El presidente de Ucrania, Vlad\u00edmir Zelenski, manifest\u00f3 su intenci\u00f3n de reunirse con el presidente de Estados Unidos, Donald Trump, \u00ablo antes posible\u00bb, posiblemente durante el D\u00eda de Acci\u00f3n de Gracias, el pr\u00f3ximo 27 de noviembre, seg\u00fan inform\u00f3 Axios citando al jefe de la Oficina presidencial ucraniana, Andr\u00e9i Yermak.<\/p>\n<p style=\"text-align: justify;\">La reuni\u00f3n tendr\u00eda como objetivo avanzar en un acuerdo conjunto entre Washington y Kiev sobre los t\u00e9rminos del plan de paz impulsado por Trump, destinado a poner fin al conflicto con Rusia. Yermak subray\u00f3 que Zelenski desea negociar personalmente con el mandatario estadounidense el delicado asunto de las concesiones territoriales, un punto clave en las conversaciones.<\/p>\n<p style=\"text-align: justify;\">\u00abEspero que la visita del presidente Zelenski se realice lo antes posible, porque ayudar\u00e1 al presidente Trump a continuar su misi\u00f3n hist\u00f3rica de poner fin a esta guerra\u00bb, afirm\u00f3 Yermak, destacando que un acuerdo directo permitir\u00eda a Trump confirmar p\u00fablicamente el respaldo de Ucrania y mantener el di\u00e1logo abierto con Mosc\u00fa.<\/p>\n<p>&nbsp;<\/p>\n<p>&nbsp;<\/p>\n<h6>\u00daN<\/h6>\n","protected":false},"excerpt":{"rendered":"<p>El presidente de Ucrania, Vlad\u00edmir Zelenski, manifest\u00f3 su intenci\u00f3n de reunirse con el presidente de Estados Unidos, Donald Trump, \u00ablo antes posible\u00bb, posiblemente durante el D\u00eda de Acci\u00f3n de Gracias,&hellip; <\/p>\n","protected":false},"author":7,"featured_media":49194,"comment_status":"closed","ping_status":"closed","sticky":false,"template":"","format":"standard","meta":{"footnotes":""},"categories":[42],"tags":[],"class_list":["post-49193","post","type-post","status-publish","format-standard","has-post-thumbnail","hentry","category-mundo"],"_links":{"self":[{"href":"https:\/\/ciudadtrujillo.com\/index.php?rest_route=\/wp\/v2\/posts\/49193","targetHints":{"allow":["GET"]}}],"collection":[{"href":"https:\/\/ciudadtrujillo.com\/index.php?rest_route=\/wp\/v2\/posts"}],"about":[{"href":"https:\/\/ciudadtrujillo.com\/index.php?rest_route=\/wp\/v2\/types\/post"}],"author":[{"embeddable":true,"href":"https:\/\/ciudadtrujillo.com\/index.php?rest_route=\/wp\/v2\/users\/7"}],"replies":[{"embeddable":true,"href":"https:\/\/ciudadtrujillo.com\/index.php?rest_route=%2Fwp%2Fv2%2Fcomments&post=49193"}],"version-history":[{"count":1,"href":"https:\/\/ciudadtrujillo.com\/index.php?rest_route=\/wp\/v2\/posts\/49193\/revisions"}],"predecessor-version":[{"id":49195,"href":"https:\/\/ciudadtrujillo.com\/index.php?rest_route=\/wp\/v2\/posts\/49193\/revisions\/49195"}],"wp:featuredmedia":[{"embeddable":true,"href":"https:\/\/ciudadtrujillo.com\/index.php?rest_route=\/wp\/v2\/media\/49194"}],"wp:attachment":[{"href":"https:\/\/ciudadtrujillo.com\/index.php?rest_route=%2Fwp%2Fv2%2Fmedia&parent=49193"}],"wp:term":[{"taxonomy":"category","embeddable":true,"href":"https:\/\/ciudadtrujillo.com\/index.php?rest_route=%2Fwp%2Fv2%2Fcategories&post=49193"},{"taxonomy":"post_tag","embeddable":true,"href":"https:\/\/ciudadtrujillo.com\/index.php?rest_route=%2Fwp%2Fv2%2Ftags&post=49193"}],"curies":[{"name":"wp","href":"https:\/\/api.w.org\/{rel}","templated":true}]}}