{"id":49174,"date":"2025-11-24T16:19:33","date_gmt":"2025-11-24T20:19:33","guid":{"rendered":"https:\/\/ciudadtrujillo.com\/?p=49174"},"modified":"2025-11-24T16:19:33","modified_gmt":"2025-11-24T20:19:33","slug":"inces-regional-realiza-jornada-formativa-sobre-registro-de-marcas","status":"publish","type":"post","link":"https:\/\/ciudadtrujillo.com\/?p=49174","title":{"rendered":"Inces regional realiza jornada formativa sobre registro de marcas"},"content":{"rendered":"<p style=\"text-align: justify;\">El Instituto Nacional de Capacitaci\u00f3n y Educaci\u00f3n Socialista (Inces), regi\u00f3n Trujillo, realiz\u00f3 una jornada formativa sobre registro de marcas, en articulaci\u00f3n con el Servicio Aut\u00f3nomo de Propiedad Intelectual (SAPI) y el Ministerio de Comercio. La actividad se enmarca a trav\u00e9s del \u00e1mbito Encadenamiento Productivo, con el prop\u00f3sito del fortalecimiento a las competencias de los emprendedores en materia de propiedad intelectual y formalizaci\u00f3n de sus proyectos.<\/p>\n<p style=\"text-align: justify;\">Durante la capacitaci\u00f3n, los participantes recibieron orientaci\u00f3n sobre la importancia de registrar sus marcas como estrategia para consolidar sus iniciativas en el mercado. Este proceso contribuye a garantizar identidad empresarial, competitividad y sostenibilidad, generando adem\u00e1s v\u00ednculos productivos entre distintos sectores.<\/p>\n<p style=\"text-align: justify;\">En el mismo espacio se efectu\u00f3 la elecci\u00f3n de los delegados de emprendimiento que representar\u00e1n al sector en el Congreso Nacional Constituyente de la Clase Obrera. Con ello se asegura la participaci\u00f3n activa de los emprendedores en la construcci\u00f3n de propuestas colectivas que impulsen el desarrollo econ\u00f3mico y social.<\/p>\n<p style=\"text-align: justify;\">El Inces regi\u00f3n Trujillo reafirma as\u00ed su compromiso con el impulso del emprendimiento, la formaci\u00f3n integral y la participaci\u00f3n de la clase trabajadora en escenarios de transformaci\u00f3n, consolidando su rol como instituci\u00f3n al servicio del pueblo y del fortalecimiento del aparato productivo nacional mediante el encadenamiento productivo.<\/p>\n<p>&nbsp;<\/p>\n<p>&nbsp;<\/p>\n<h6>Prensa Inces regional<\/h6>\n","protected":false},"excerpt":{"rendered":"<p>El Instituto Nacional de Capacitaci\u00f3n y Educaci\u00f3n Socialista (Inces), regi\u00f3n Trujillo, realiz\u00f3 una jornada formativa sobre registro de marcas, en articulaci\u00f3n con el Servicio Aut\u00f3nomo de Propiedad Intelectual (SAPI) y&hellip; <\/p>\n","protected":false},"author":7,"featured_media":49175,"comment_status":"closed","ping_status":"closed","sticky":false,"template":"","format":"standard","meta":{"footnotes":""},"categories":[40],"tags":[],"class_list":["post-49174","post","type-post","status-publish","format-standard","has-post-thumbnail","hentry","category-grantrujillo"],"_links":{"self":[{"href":"https:\/\/ciudadtrujillo.com\/index.php?rest_route=\/wp\/v2\/posts\/49174","targetHints":{"allow":["GET"]}}],"collection":[{"href":"https:\/\/ciudadtrujillo.com\/index.php?rest_route=\/wp\/v2\/posts"}],"about":[{"href":"https:\/\/ciudadtrujillo.com\/index.php?rest_route=\/wp\/v2\/types\/post"}],"author":[{"embeddable":true,"href":"https:\/\/ciudadtrujillo.com\/index.php?rest_route=\/wp\/v2\/users\/7"}],"replies":[{"embeddable":true,"href":"https:\/\/ciudadtrujillo.com\/index.php?rest_route=%2Fwp%2Fv2%2Fcomments&post=49174"}],"version-history":[{"count":2,"href":"https:\/\/ciudadtrujillo.com\/index.php?rest_route=\/wp\/v2\/posts\/49174\/revisions"}],"predecessor-version":[{"id":49177,"href":"https:\/\/ciudadtrujillo.com\/index.php?rest_route=\/wp\/v2\/posts\/49174\/revisions\/49177"}],"wp:featuredmedia":[{"embeddable":true,"href":"https:\/\/ciudadtrujillo.com\/index.php?rest_route=\/wp\/v2\/media\/49175"}],"wp:attachment":[{"href":"https:\/\/ciudadtrujillo.com\/index.php?rest_route=%2Fwp%2Fv2%2Fmedia&parent=49174"}],"wp:term":[{"taxonomy":"category","embeddable":true,"href":"https:\/\/ciudadtrujillo.com\/index.php?rest_route=%2Fwp%2Fv2%2Fcategories&post=49174"},{"taxonomy":"post_tag","embeddable":true,"href":"https:\/\/ciudadtrujillo.com\/index.php?rest_route=%2Fwp%2Fv2%2Ftags&post=49174"}],"curies":[{"name":"wp","href":"https:\/\/api.w.org\/{rel}","templated":true}]}}