{"id":49167,"date":"2025-11-24T16:15:26","date_gmt":"2025-11-24T20:15:26","guid":{"rendered":"https:\/\/ciudadtrujillo.com\/?p=49167"},"modified":"2025-11-24T16:15:26","modified_gmt":"2025-11-24T20:15:26","slug":"iran-condeno-ataque-de-israel-en-el-sur-de-beirut","status":"publish","type":"post","link":"https:\/\/ciudadtrujillo.com\/?p=49167","title":{"rendered":"Ir\u00e1n conden\u00f3 ataque de Israel en el sur de Beirut"},"content":{"rendered":"<p>La Embajada de Ir\u00e1n en L\u00edbano expres\u00f3 el domingo su condena al ataque realizado por las fuerzas israel\u00edes en el sur de Beirut, que dej\u00f3 cinco muertos y 28 heridos.<\/p>\n<p>\u00abEl alcance de estos ataques criminales se est\u00e1 expandiendo para incluir los suburbios del sur de Beirut, con la clara marca de la entidad terrorista israel\u00ed, que no duda en amenazar la seguridad del querido pueblo liban\u00e9s\u00bb, advirti\u00f3.<\/p>\n<p>La sede diplom\u00e1tica tambi\u00e9n asever\u00f3 que \u00abestos cobardes ataques\u00bb no podr\u00e1n debilitar la determinaci\u00f3n de \u00abquienes tienen raz\u00f3n ni su inquebrantable voluntad de enfrentar la injusticia\u00bb.<\/p>\n<p>&nbsp;<\/p>\n<h6>\u00daN<\/h6>\n","protected":false},"excerpt":{"rendered":"<p>La Embajada de Ir\u00e1n en L\u00edbano expres\u00f3 el domingo su condena al ataque realizado por las fuerzas israel\u00edes en el sur de Beirut, que dej\u00f3 cinco muertos y 28 heridos.&hellip; <\/p>\n","protected":false},"author":7,"featured_media":49168,"comment_status":"closed","ping_status":"closed","sticky":false,"template":"","format":"standard","meta":{"footnotes":""},"categories":[42],"tags":[],"class_list":["post-49167","post","type-post","status-publish","format-standard","has-post-thumbnail","hentry","category-mundo"],"_links":{"self":[{"href":"https:\/\/ciudadtrujillo.com\/index.php?rest_route=\/wp\/v2\/posts\/49167","targetHints":{"allow":["GET"]}}],"collection":[{"href":"https:\/\/ciudadtrujillo.com\/index.php?rest_route=\/wp\/v2\/posts"}],"about":[{"href":"https:\/\/ciudadtrujillo.com\/index.php?rest_route=\/wp\/v2\/types\/post"}],"author":[{"embeddable":true,"href":"https:\/\/ciudadtrujillo.com\/index.php?rest_route=\/wp\/v2\/users\/7"}],"replies":[{"embeddable":true,"href":"https:\/\/ciudadtrujillo.com\/index.php?rest_route=%2Fwp%2Fv2%2Fcomments&post=49167"}],"version-history":[{"count":1,"href":"https:\/\/ciudadtrujillo.com\/index.php?rest_route=\/wp\/v2\/posts\/49167\/revisions"}],"predecessor-version":[{"id":49169,"href":"https:\/\/ciudadtrujillo.com\/index.php?rest_route=\/wp\/v2\/posts\/49167\/revisions\/49169"}],"wp:featuredmedia":[{"embeddable":true,"href":"https:\/\/ciudadtrujillo.com\/index.php?rest_route=\/wp\/v2\/media\/49168"}],"wp:attachment":[{"href":"https:\/\/ciudadtrujillo.com\/index.php?rest_route=%2Fwp%2Fv2%2Fmedia&parent=49167"}],"wp:term":[{"taxonomy":"category","embeddable":true,"href":"https:\/\/ciudadtrujillo.com\/index.php?rest_route=%2Fwp%2Fv2%2Fcategories&post=49167"},{"taxonomy":"post_tag","embeddable":true,"href":"https:\/\/ciudadtrujillo.com\/index.php?rest_route=%2Fwp%2Fv2%2Ftags&post=49167"}],"curies":[{"name":"wp","href":"https:\/\/api.w.org\/{rel}","templated":true}]}}