{"id":49150,"date":"2025-11-23T22:35:12","date_gmt":"2025-11-24T02:35:12","guid":{"rendered":"https:\/\/ciudadtrujillo.com\/?p=49150"},"modified":"2025-11-23T22:35:12","modified_gmt":"2025-11-24T02:35:12","slug":"pueblo-consolida-proyectos-en-iv-consulta-popular-para-la-venezuela-potencia","status":"publish","type":"post","link":"https:\/\/ciudadtrujillo.com\/?p=49150","title":{"rendered":"Pueblo consolida proyectos en IV Consulta Popular para la Venezuela potencia"},"content":{"rendered":"<p style=\"text-align: justify;\">Este domingo 23 de noviembre se desarroll\u00f3 en Venezuela la Cuarta Consulta Popular Nacional 2025, donde la poblaci\u00f3n vot\u00f3 y eligi\u00f3 los proyectos priorizados de su comunidad en una jornada electoral que inici\u00f3 en horas de la ma\u00f1ana y cont\u00f3 con l\u00edderes naturales y voceros de los Consejos Comunales, as\u00ed como de los Circuitos Comunales, en las m\u00e1s de nueve mil mesas de votaci\u00f3n.<\/p>\n<p style=\"text-align: justify;\">El ministro del Poder Popular para las Comunas, Movimientos Sociales y Agricultura Urbana, \u00c1ngel Prado, explic\u00f3 que la Consulta Popular Nacional es m\u00e1s que un acto de votaci\u00f3n, pues es un mecanismo de planificaci\u00f3n territorial y un ejercicio real de transferencia de poder a las comunidades, coherente con la visi\u00f3n Socialista de gobernar desde los territorios y con el protagonismo del pueblo como sujeto hist\u00f3rico de transformaci\u00f3n.<\/p>\n<p>&nbsp;<\/p>\n<p>&nbsp;<\/p>\n<h6>VTV<\/h6>\n","protected":false},"excerpt":{"rendered":"<p>Este domingo 23 de noviembre se desarroll\u00f3 en Venezuela la Cuarta Consulta Popular Nacional 2025, donde la poblaci\u00f3n vot\u00f3 y eligi\u00f3 los proyectos priorizados de su comunidad en una jornada&hellip; <\/p>\n","protected":false},"author":7,"featured_media":49151,"comment_status":"closed","ping_status":"closed","sticky":false,"template":"","format":"standard","meta":{"footnotes":""},"categories":[41],"tags":[],"class_list":["post-49150","post","type-post","status-publish","format-standard","has-post-thumbnail","hentry","category-pais"],"_links":{"self":[{"href":"https:\/\/ciudadtrujillo.com\/index.php?rest_route=\/wp\/v2\/posts\/49150","targetHints":{"allow":["GET"]}}],"collection":[{"href":"https:\/\/ciudadtrujillo.com\/index.php?rest_route=\/wp\/v2\/posts"}],"about":[{"href":"https:\/\/ciudadtrujillo.com\/index.php?rest_route=\/wp\/v2\/types\/post"}],"author":[{"embeddable":true,"href":"https:\/\/ciudadtrujillo.com\/index.php?rest_route=\/wp\/v2\/users\/7"}],"replies":[{"embeddable":true,"href":"https:\/\/ciudadtrujillo.com\/index.php?rest_route=%2Fwp%2Fv2%2Fcomments&post=49150"}],"version-history":[{"count":1,"href":"https:\/\/ciudadtrujillo.com\/index.php?rest_route=\/wp\/v2\/posts\/49150\/revisions"}],"predecessor-version":[{"id":49152,"href":"https:\/\/ciudadtrujillo.com\/index.php?rest_route=\/wp\/v2\/posts\/49150\/revisions\/49152"}],"wp:featuredmedia":[{"embeddable":true,"href":"https:\/\/ciudadtrujillo.com\/index.php?rest_route=\/wp\/v2\/media\/49151"}],"wp:attachment":[{"href":"https:\/\/ciudadtrujillo.com\/index.php?rest_route=%2Fwp%2Fv2%2Fmedia&parent=49150"}],"wp:term":[{"taxonomy":"category","embeddable":true,"href":"https:\/\/ciudadtrujillo.com\/index.php?rest_route=%2Fwp%2Fv2%2Fcategories&post=49150"},{"taxonomy":"post_tag","embeddable":true,"href":"https:\/\/ciudadtrujillo.com\/index.php?rest_route=%2Fwp%2Fv2%2Ftags&post=49150"}],"curies":[{"name":"wp","href":"https:\/\/api.w.org\/{rel}","templated":true}]}}