{"id":49143,"date":"2025-11-23T22:18:53","date_gmt":"2025-11-24T02:18:53","guid":{"rendered":"https:\/\/ciudadtrujillo.com\/?p=49143"},"modified":"2025-11-23T22:18:53","modified_gmt":"2025-11-24T02:18:53","slug":"trujillano-yonathan-eugenio-es-el-campeon-de-la-vuelta-ciclistica","status":"publish","type":"post","link":"https:\/\/ciudadtrujillo.com\/?p=49143","title":{"rendered":"Trujillano Yonathan Eugenio es el campe\u00f3n de la Vuelta Cicl\u00edstica"},"content":{"rendered":"<p style=\"text-align: justify;\">Cay\u00f3 el tel\u00f3n de la 36\u00aa edici\u00f3n de la Vuelta a Trujillo y en medio de la alegr\u00eda del pueblo trujillano fue coronado como campe\u00f3n Yonathan Eugenio, nacido en La Mesa de Esnujaque, municipio Urdaneta, e integrante del equipo Trululu &#8211; La Guacamaya del estado Trujillo.<\/p>\n<p style=\"text-align: justify;\">\nEl gobernador Gerardo M\u00e1rquez, junto a todo el comit\u00e9 organizador de la Vuelta Cicl\u00edstica, manifest\u00f3 su alegr\u00eda por la exitosa realizaci\u00f3n de este evento deportivo que se posiciona como uno de los mejores del pa\u00eds en su estilo.<\/p>\n<p>&nbsp;<\/p>\n<p>&nbsp;<\/p>\n<h6>Fernando Bravo \/ Ciudad Trujillo<br \/>\nGr\u00e1ficas: DGPG<\/h6>\n","protected":false},"excerpt":{"rendered":"<p>Cay\u00f3 el tel\u00f3n de la 36\u00aa edici\u00f3n de la Vuelta a Trujillo y en medio de la alegr\u00eda del pueblo trujillano fue coronado como campe\u00f3n Yonathan Eugenio, nacido en La&hellip; <\/p>\n","protected":false},"author":7,"featured_media":49144,"comment_status":"closed","ping_status":"closed","sticky":false,"template":"","format":"standard","meta":{"footnotes":""},"categories":[40],"tags":[],"class_list":["post-49143","post","type-post","status-publish","format-standard","has-post-thumbnail","hentry","category-grantrujillo"],"_links":{"self":[{"href":"https:\/\/ciudadtrujillo.com\/index.php?rest_route=\/wp\/v2\/posts\/49143","targetHints":{"allow":["GET"]}}],"collection":[{"href":"https:\/\/ciudadtrujillo.com\/index.php?rest_route=\/wp\/v2\/posts"}],"about":[{"href":"https:\/\/ciudadtrujillo.com\/index.php?rest_route=\/wp\/v2\/types\/post"}],"author":[{"embeddable":true,"href":"https:\/\/ciudadtrujillo.com\/index.php?rest_route=\/wp\/v2\/users\/7"}],"replies":[{"embeddable":true,"href":"https:\/\/ciudadtrujillo.com\/index.php?rest_route=%2Fwp%2Fv2%2Fcomments&post=49143"}],"version-history":[{"count":1,"href":"https:\/\/ciudadtrujillo.com\/index.php?rest_route=\/wp\/v2\/posts\/49143\/revisions"}],"predecessor-version":[{"id":49145,"href":"https:\/\/ciudadtrujillo.com\/index.php?rest_route=\/wp\/v2\/posts\/49143\/revisions\/49145"}],"wp:featuredmedia":[{"embeddable":true,"href":"https:\/\/ciudadtrujillo.com\/index.php?rest_route=\/wp\/v2\/media\/49144"}],"wp:attachment":[{"href":"https:\/\/ciudadtrujillo.com\/index.php?rest_route=%2Fwp%2Fv2%2Fmedia&parent=49143"}],"wp:term":[{"taxonomy":"category","embeddable":true,"href":"https:\/\/ciudadtrujillo.com\/index.php?rest_route=%2Fwp%2Fv2%2Fcategories&post=49143"},{"taxonomy":"post_tag","embeddable":true,"href":"https:\/\/ciudadtrujillo.com\/index.php?rest_route=%2Fwp%2Fv2%2Ftags&post=49143"}],"curies":[{"name":"wp","href":"https:\/\/api.w.org\/{rel}","templated":true}]}}