{"id":49136,"date":"2025-11-20T22:45:06","date_gmt":"2025-11-21T02:45:06","guid":{"rendered":"https:\/\/ciudadtrujillo.com\/?p=49136"},"modified":"2025-11-20T22:45:06","modified_gmt":"2025-11-21T02:45:06","slug":"rehabilitacion-de-vialidad-agricola-avanza-en-monte-carmelo","status":"publish","type":"post","link":"https:\/\/ciudadtrujillo.com\/?p=49136","title":{"rendered":"Rehabilitaci\u00f3n de vialidad agr\u00edcola avanza en Monte Carmelo"},"content":{"rendered":"<p style=\"text-align: justify;\">El Gobierno de Trujillo a trav\u00e9s de la Direcci\u00f3n General de Desarrollo Agroecol\u00f3gico avanza con los trabajos de recuperaci\u00f3n de las v\u00edas agr\u00edcolas en el municipio Monte Carmelo, como parte de las orientaciones del gobernador Gerardo M\u00e1rquez en atender con respuesta inmediata a los productores de la entidad.<\/p>\n<p style=\"text-align: justify;\">En esta oportunidad, las labores se desempe\u00f1an en el sector Casa de Tabla, parroquia Santa Mar\u00eda del Horc\u00f3n.<\/p>\n<p style=\"text-align: justify;\">La poblaci\u00f3n expresa su alegr\u00eda al constatar el cumplimiento de la palabra empe\u00f1ada por el mandatario regional, reafirmando su compromiso con el desarrollo agroecol\u00f3gico y el bienestar de las familias productoras.<\/p>\n<p style=\"text-align: justify;\">Son acciones que se desarrollan como parte de la articulaci\u00f3n del gobierno regional, los productores organizados y el poder comunal.<\/p>\n<p>&nbsp;<\/p>\n<p>&nbsp;<\/p>\n<h6>Prensa Desarrollo Agroecol\u00f3gico<\/h6>\n","protected":false},"excerpt":{"rendered":"<p>El Gobierno de Trujillo a trav\u00e9s de la Direcci\u00f3n General de Desarrollo Agroecol\u00f3gico avanza con los trabajos de recuperaci\u00f3n de las v\u00edas agr\u00edcolas en el municipio Monte Carmelo, como parte&hellip; <\/p>\n","protected":false},"author":7,"featured_media":49140,"comment_status":"closed","ping_status":"closed","sticky":false,"template":"","format":"standard","meta":{"footnotes":""},"categories":[40],"tags":[],"class_list":["post-49136","post","type-post","status-publish","format-standard","has-post-thumbnail","hentry","category-grantrujillo"],"_links":{"self":[{"href":"https:\/\/ciudadtrujillo.com\/index.php?rest_route=\/wp\/v2\/posts\/49136","targetHints":{"allow":["GET"]}}],"collection":[{"href":"https:\/\/ciudadtrujillo.com\/index.php?rest_route=\/wp\/v2\/posts"}],"about":[{"href":"https:\/\/ciudadtrujillo.com\/index.php?rest_route=\/wp\/v2\/types\/post"}],"author":[{"embeddable":true,"href":"https:\/\/ciudadtrujillo.com\/index.php?rest_route=\/wp\/v2\/users\/7"}],"replies":[{"embeddable":true,"href":"https:\/\/ciudadtrujillo.com\/index.php?rest_route=%2Fwp%2Fv2%2Fcomments&post=49136"}],"version-history":[{"count":1,"href":"https:\/\/ciudadtrujillo.com\/index.php?rest_route=\/wp\/v2\/posts\/49136\/revisions"}],"predecessor-version":[{"id":49141,"href":"https:\/\/ciudadtrujillo.com\/index.php?rest_route=\/wp\/v2\/posts\/49136\/revisions\/49141"}],"wp:featuredmedia":[{"embeddable":true,"href":"https:\/\/ciudadtrujillo.com\/index.php?rest_route=\/wp\/v2\/media\/49140"}],"wp:attachment":[{"href":"https:\/\/ciudadtrujillo.com\/index.php?rest_route=%2Fwp%2Fv2%2Fmedia&parent=49136"}],"wp:term":[{"taxonomy":"category","embeddable":true,"href":"https:\/\/ciudadtrujillo.com\/index.php?rest_route=%2Fwp%2Fv2%2Fcategories&post=49136"},{"taxonomy":"post_tag","embeddable":true,"href":"https:\/\/ciudadtrujillo.com\/index.php?rest_route=%2Fwp%2Fv2%2Ftags&post=49136"}],"curies":[{"name":"wp","href":"https:\/\/api.w.org\/{rel}","templated":true}]}}