{"id":49130,"date":"2025-11-20T22:36:58","date_gmt":"2025-11-21T02:36:58","guid":{"rendered":"https:\/\/ciudadtrujillo.com\/?p=49130"},"modified":"2025-11-20T22:36:58","modified_gmt":"2025-11-21T02:36:58","slug":"luego-de-18-anos-bocono-recibe-la-vuelta-ciclistica-a-trujillo","status":"publish","type":"post","link":"https:\/\/ciudadtrujillo.com\/?p=49130","title":{"rendered":"Luego de 18 a\u00f1os Bocon\u00f3 recibe la Vuelta Cicl\u00edstica a Trujillo"},"content":{"rendered":"<p style=\"text-align: justify;\">\u00abEl Jard\u00edn de Venezuela nos ha dado el mejor recibimiento de esta 36\u00aa Vuelta a Trujillo 2025. Esta era una etapa que era una deuda con el pueblo de Bocon\u00f3, 18 a\u00f1os que no ven\u00eda y ahora creo que ser\u00e1 para quedarse\u00bb, as\u00ed lo expres\u00f3 el gobernador Gerardo M\u00e1rquez al culminar la 7ma etapa de esta justa deportiva.<\/p>\n<p style=\"text-align: justify;\">El mandatario regional, acompa\u00f1ado por el alcalde Alejandro Garc\u00eda, asegur\u00f3 que para la pr\u00f3xima edici\u00f3n de este evento multicolor, esta jurisdicci\u00f3n seguir\u00e1 siendo una de las rutas seguras donde los ciclistas conquistar\u00e1n los primeros lugares del podio en la clasificaci\u00f3n de la vuelta.<\/p>\n<p>&nbsp;<\/p>\n<p>&nbsp;<\/p>\n<h6>Ciudad Trujillo<br \/>\nGr\u00e1fica: DGPG<\/h6>\n","protected":false},"excerpt":{"rendered":"<p>\u00abEl Jard\u00edn de Venezuela nos ha dado el mejor recibimiento de esta 36\u00aa Vuelta a Trujillo 2025. Esta era una etapa que era una deuda con el pueblo de Bocon\u00f3,&hellip; <\/p>\n","protected":false},"author":7,"featured_media":49131,"comment_status":"closed","ping_status":"closed","sticky":false,"template":"","format":"standard","meta":{"footnotes":""},"categories":[40],"tags":[],"class_list":["post-49130","post","type-post","status-publish","format-standard","has-post-thumbnail","hentry","category-grantrujillo"],"_links":{"self":[{"href":"https:\/\/ciudadtrujillo.com\/index.php?rest_route=\/wp\/v2\/posts\/49130","targetHints":{"allow":["GET"]}}],"collection":[{"href":"https:\/\/ciudadtrujillo.com\/index.php?rest_route=\/wp\/v2\/posts"}],"about":[{"href":"https:\/\/ciudadtrujillo.com\/index.php?rest_route=\/wp\/v2\/types\/post"}],"author":[{"embeddable":true,"href":"https:\/\/ciudadtrujillo.com\/index.php?rest_route=\/wp\/v2\/users\/7"}],"replies":[{"embeddable":true,"href":"https:\/\/ciudadtrujillo.com\/index.php?rest_route=%2Fwp%2Fv2%2Fcomments&post=49130"}],"version-history":[{"count":1,"href":"https:\/\/ciudadtrujillo.com\/index.php?rest_route=\/wp\/v2\/posts\/49130\/revisions"}],"predecessor-version":[{"id":49132,"href":"https:\/\/ciudadtrujillo.com\/index.php?rest_route=\/wp\/v2\/posts\/49130\/revisions\/49132"}],"wp:featuredmedia":[{"embeddable":true,"href":"https:\/\/ciudadtrujillo.com\/index.php?rest_route=\/wp\/v2\/media\/49131"}],"wp:attachment":[{"href":"https:\/\/ciudadtrujillo.com\/index.php?rest_route=%2Fwp%2Fv2%2Fmedia&parent=49130"}],"wp:term":[{"taxonomy":"category","embeddable":true,"href":"https:\/\/ciudadtrujillo.com\/index.php?rest_route=%2Fwp%2Fv2%2Fcategories&post=49130"},{"taxonomy":"post_tag","embeddable":true,"href":"https:\/\/ciudadtrujillo.com\/index.php?rest_route=%2Fwp%2Fv2%2Ftags&post=49130"}],"curies":[{"name":"wp","href":"https:\/\/api.w.org\/{rel}","templated":true}]}}