{"id":49127,"date":"2025-11-20T22:35:08","date_gmt":"2025-11-21T02:35:08","guid":{"rendered":"https:\/\/ciudadtrujillo.com\/?p=49127"},"modified":"2025-11-20T22:35:08","modified_gmt":"2025-11-21T02:35:08","slug":"roniel-campos-llego-triunfal-al-jardin-de-venezuela-para-liderar-la-7ma-etapa","status":"publish","type":"post","link":"https:\/\/ciudadtrujillo.com\/?p=49127","title":{"rendered":"Roniel Campos lleg\u00f3 triunfal al Jard\u00edn de Venezuela para liderar la 7ma etapa"},"content":{"rendered":"<p style=\"text-align: justify;\">El Jard\u00edn de Venezuela recibi\u00f3 luego de 18 a\u00f1os de ausencia a la caravana multicolor. Los ciclistas emprendieron su ruta monta\u00f1a arriba, partiendo desde la Tierra de Nubes, Escuque, para completar el recorrido de 146.5 kil\u00f3metros en la 7ma etapa de la Vuelta Cicl\u00edstica a Trujillo 2025, que en esta ocasi\u00f3n fue dominada por el pedalista Roniel Campos del equipo Gobierno de Trujillo &#8211; MIPPCON, quien se qued\u00f3 nuevamente con la camiseta como l\u00edder de monta\u00f1a, luego de ganar el premio fuera de categor\u00eda en \u00c1rbol Redondo, a 2178 metros sobre el nivel del mar, donde baj\u00f3 la banderola como homenajeado la gloria deportiva Nelson Cabrera.<\/p>\n<p style=\"text-align: justify;\">Campos lleg\u00f3 a Bocon\u00f3 escoltado por Diego M\u00e9ndez (Loter\u00eda del T\u00e1chira &#8211; Grupo Norte) y en tercer lugar Yonathan Eugenio (Confiter\u00eda La Guacamaya &#8211; Trululu), trujillano que a\u00fan mantiene su posici\u00f3n principal como l\u00edder general individual de la competencia.<\/p>\n<p style=\"text-align: justify;\">En la clasificaci\u00f3n general por equipos se mantiene en el primer lugar el Team Confiter\u00eda La Guacamaya &#8211; Trujillo, seguido del Gobierno Bolivariano de Trujillo &#8211; MIPPCON y la Loter\u00eda del T\u00e1chira &#8211; Grupo Norte en la tercera posici\u00f3n.<\/p>\n<p style=\"text-align: justify;\">Este viernes partir\u00e1 la octava etapa desde el Jard\u00edn de Venezuela hacia la poblaci\u00f3n de Santa Isabel en el municipio Andr\u00e9s Bello, en la cual los ciclistas tendr\u00e1n que cumplir con un desafiante recorrido de 148 kil\u00f3metros.<\/p>\n<p>&nbsp;<\/p>\n<p>&nbsp;<\/p>\n<h6>Ciudad Trujillo<\/h6>\n","protected":false},"excerpt":{"rendered":"<p>El Jard\u00edn de Venezuela recibi\u00f3 luego de 18 a\u00f1os de ausencia a la caravana multicolor. Los ciclistas emprendieron su ruta monta\u00f1a arriba, partiendo desde la Tierra de Nubes, Escuque, para&hellip; <\/p>\n","protected":false},"author":7,"featured_media":49128,"comment_status":"closed","ping_status":"closed","sticky":false,"template":"","format":"standard","meta":{"footnotes":""},"categories":[40],"tags":[],"class_list":["post-49127","post","type-post","status-publish","format-standard","has-post-thumbnail","hentry","category-grantrujillo"],"_links":{"self":[{"href":"https:\/\/ciudadtrujillo.com\/index.php?rest_route=\/wp\/v2\/posts\/49127","targetHints":{"allow":["GET"]}}],"collection":[{"href":"https:\/\/ciudadtrujillo.com\/index.php?rest_route=\/wp\/v2\/posts"}],"about":[{"href":"https:\/\/ciudadtrujillo.com\/index.php?rest_route=\/wp\/v2\/types\/post"}],"author":[{"embeddable":true,"href":"https:\/\/ciudadtrujillo.com\/index.php?rest_route=\/wp\/v2\/users\/7"}],"replies":[{"embeddable":true,"href":"https:\/\/ciudadtrujillo.com\/index.php?rest_route=%2Fwp%2Fv2%2Fcomments&post=49127"}],"version-history":[{"count":1,"href":"https:\/\/ciudadtrujillo.com\/index.php?rest_route=\/wp\/v2\/posts\/49127\/revisions"}],"predecessor-version":[{"id":49129,"href":"https:\/\/ciudadtrujillo.com\/index.php?rest_route=\/wp\/v2\/posts\/49127\/revisions\/49129"}],"wp:featuredmedia":[{"embeddable":true,"href":"https:\/\/ciudadtrujillo.com\/index.php?rest_route=\/wp\/v2\/media\/49128"}],"wp:attachment":[{"href":"https:\/\/ciudadtrujillo.com\/index.php?rest_route=%2Fwp%2Fv2%2Fmedia&parent=49127"}],"wp:term":[{"taxonomy":"category","embeddable":true,"href":"https:\/\/ciudadtrujillo.com\/index.php?rest_route=%2Fwp%2Fv2%2Fcategories&post=49127"},{"taxonomy":"post_tag","embeddable":true,"href":"https:\/\/ciudadtrujillo.com\/index.php?rest_route=%2Fwp%2Fv2%2Ftags&post=49127"}],"curies":[{"name":"wp","href":"https:\/\/api.w.org\/{rel}","templated":true}]}}