{"id":49115,"date":"2025-11-19T21:50:36","date_gmt":"2025-11-20T01:50:36","guid":{"rendered":"https:\/\/ciudadtrujillo.com\/?p=49115"},"modified":"2025-11-19T21:50:36","modified_gmt":"2025-11-20T01:50:36","slug":"trujillano-yonathan-eugenio-abrio-la-puerta-para-lograr-clasificacion-general-individual","status":"publish","type":"post","link":"https:\/\/ciudadtrujillo.com\/?p=49115","title":{"rendered":"Trujillano Yonathan Eugenio abri\u00f3 La Puerta para lograr clasificaci\u00f3n general individual"},"content":{"rendered":"<p style=\"text-align: justify;\">Se cumpli\u00f3 la sexta etapa de la Vuelta Cicl\u00edstica a Trujillo 2025 y con ella un nuevo corredor lidera la clasificaci\u00f3n general individual. Se trata del trujillano Yonathan Eugenio del equipo Confiter\u00eda La Guacamaya &#8211; Trululu, quien lleg\u00f3 triunfal a La Puerta abriendo paso a su liderato en la general individual.<\/p>\n<p style=\"text-align: justify;\">El nacido en La Mesa de Esnujaque se consagr\u00f3 como ganador de la etapa al registrar un tiempo de 44 minutos con 55 segundos en esta contrarreloj individual que se llev\u00f3 a cabo en el municipio Valera (con un recorrido de 21.4 kil\u00f3metros desde el parque Los Ilustres hasta La Puerta), escoltado por su compa\u00f1ero Anderson Paredes, quien obtuvo el segundo lugar de la jornada, permitiendo que el team Confiter\u00eda La Guacamaya &#8211; Trululu mantenga el primer lugar en la clasificaci\u00f3n general por equipos.<\/p>\n<p style=\"text-align: justify;\">Para este jueves la emoci\u00f3n de la fiesta cicl\u00edstica contin\u00faa con la s\u00e9ptima etapa de 146.5 kil\u00f3metros que partir\u00e1 desde la plaza Bolivar de Escuque con llegada al municipio Bocon\u00f3, jurisdicci\u00f3n que ten\u00eda 18 a\u00f1os sin recibir a la caravana multicolor.<\/p>\n<p>&nbsp;<\/p>\n<p>&nbsp;<\/p>\n<h6>Ciudad Trujillo<br \/>\nGr\u00e1ficas: DGPG<\/h6>\n","protected":false},"excerpt":{"rendered":"<p>Se cumpli\u00f3 la sexta etapa de la Vuelta Cicl\u00edstica a Trujillo 2025 y con ella un nuevo corredor lidera la clasificaci\u00f3n general individual. Se trata del trujillano Yonathan Eugenio del&hellip; <\/p>\n","protected":false},"author":7,"featured_media":49116,"comment_status":"closed","ping_status":"closed","sticky":false,"template":"","format":"standard","meta":{"footnotes":""},"categories":[40],"tags":[],"class_list":["post-49115","post","type-post","status-publish","format-standard","has-post-thumbnail","hentry","category-grantrujillo"],"_links":{"self":[{"href":"https:\/\/ciudadtrujillo.com\/index.php?rest_route=\/wp\/v2\/posts\/49115","targetHints":{"allow":["GET"]}}],"collection":[{"href":"https:\/\/ciudadtrujillo.com\/index.php?rest_route=\/wp\/v2\/posts"}],"about":[{"href":"https:\/\/ciudadtrujillo.com\/index.php?rest_route=\/wp\/v2\/types\/post"}],"author":[{"embeddable":true,"href":"https:\/\/ciudadtrujillo.com\/index.php?rest_route=\/wp\/v2\/users\/7"}],"replies":[{"embeddable":true,"href":"https:\/\/ciudadtrujillo.com\/index.php?rest_route=%2Fwp%2Fv2%2Fcomments&post=49115"}],"version-history":[{"count":1,"href":"https:\/\/ciudadtrujillo.com\/index.php?rest_route=\/wp\/v2\/posts\/49115\/revisions"}],"predecessor-version":[{"id":49117,"href":"https:\/\/ciudadtrujillo.com\/index.php?rest_route=\/wp\/v2\/posts\/49115\/revisions\/49117"}],"wp:featuredmedia":[{"embeddable":true,"href":"https:\/\/ciudadtrujillo.com\/index.php?rest_route=\/wp\/v2\/media\/49116"}],"wp:attachment":[{"href":"https:\/\/ciudadtrujillo.com\/index.php?rest_route=%2Fwp%2Fv2%2Fmedia&parent=49115"}],"wp:term":[{"taxonomy":"category","embeddable":true,"href":"https:\/\/ciudadtrujillo.com\/index.php?rest_route=%2Fwp%2Fv2%2Fcategories&post=49115"},{"taxonomy":"post_tag","embeddable":true,"href":"https:\/\/ciudadtrujillo.com\/index.php?rest_route=%2Fwp%2Fv2%2Ftags&post=49115"}],"curies":[{"name":"wp","href":"https:\/\/api.w.org\/{rel}","templated":true}]}}