{"id":49070,"date":"2025-11-17T22:59:39","date_gmt":"2025-11-18T02:59:39","guid":{"rendered":"https:\/\/ciudadtrujillo.com\/?p=49070"},"modified":"2025-11-17T22:59:39","modified_gmt":"2025-11-18T02:59:39","slug":"trujillanos-fc-celebrara-junto-a-su-fanaticada-en-caravana-del-triunfo","status":"publish","type":"post","link":"https:\/\/ciudadtrujillo.com\/?p=49070","title":{"rendered":"Trujillanos FC celebrar\u00e1 junto a su fanaticada en Caravana del Triunfo"},"content":{"rendered":"<p>&nbsp;<\/p>\n<p>La Gobernaci\u00f3n de Trujillo organiza una fiesta popular para celebrar el triunfo del aurimarr\u00f3n, el Trujillanos FC, que este domingo le regal\u00f3 a su fanaticada una victoria en la final de la Liga Futve 2. La llamada Caravana del Triunfo ser\u00e1 este martes a las 3 pm en el municipio Valera.<\/p>\n<p>El punto de concentraci\u00f3n ser\u00e1 a la altura de la pasarela de San Luis y luego de recorrer diferentes puntos llegar\u00e1 al CC Edivica. El gobernador Gerardo M\u00e1rquez ha reiterado el apoyo a este equipo que tambi\u00e9n alcanz\u00f3 su pase a primera divisi\u00f3n.<\/p>\n<p>Recordemos que este domingo en el Estadio Jos\u00e9 Alberto P\u00e9rez de Valera, el Trujillanos FC se coron\u00f3 campe\u00f3n de la Liga FUTVE 2 2025, sellando as\u00ed su ascenso a la m\u00e1xima categor\u00eda del f\u00fatbol venezolano.<\/p>\n<p>&nbsp;<\/p>\n<p>Ciudad Trujillo<\/p>\n","protected":false},"excerpt":{"rendered":"<p>&nbsp; La Gobernaci\u00f3n de Trujillo organiza una fiesta popular para celebrar el triunfo del aurimarr\u00f3n, el Trujillanos FC, que este domingo le regal\u00f3 a su fanaticada una victoria en la&hellip; <\/p>\n","protected":false},"author":7,"featured_media":49071,"comment_status":"closed","ping_status":"closed","sticky":false,"template":"","format":"standard","meta":{"footnotes":""},"categories":[52,40],"tags":[],"class_list":["post-49070","post","type-post","status-publish","format-standard","has-post-thumbnail","hentry","category-destacadas","category-grantrujillo"],"_links":{"self":[{"href":"https:\/\/ciudadtrujillo.com\/index.php?rest_route=\/wp\/v2\/posts\/49070","targetHints":{"allow":["GET"]}}],"collection":[{"href":"https:\/\/ciudadtrujillo.com\/index.php?rest_route=\/wp\/v2\/posts"}],"about":[{"href":"https:\/\/ciudadtrujillo.com\/index.php?rest_route=\/wp\/v2\/types\/post"}],"author":[{"embeddable":true,"href":"https:\/\/ciudadtrujillo.com\/index.php?rest_route=\/wp\/v2\/users\/7"}],"replies":[{"embeddable":true,"href":"https:\/\/ciudadtrujillo.com\/index.php?rest_route=%2Fwp%2Fv2%2Fcomments&post=49070"}],"version-history":[{"count":1,"href":"https:\/\/ciudadtrujillo.com\/index.php?rest_route=\/wp\/v2\/posts\/49070\/revisions"}],"predecessor-version":[{"id":49072,"href":"https:\/\/ciudadtrujillo.com\/index.php?rest_route=\/wp\/v2\/posts\/49070\/revisions\/49072"}],"wp:featuredmedia":[{"embeddable":true,"href":"https:\/\/ciudadtrujillo.com\/index.php?rest_route=\/wp\/v2\/media\/49071"}],"wp:attachment":[{"href":"https:\/\/ciudadtrujillo.com\/index.php?rest_route=%2Fwp%2Fv2%2Fmedia&parent=49070"}],"wp:term":[{"taxonomy":"category","embeddable":true,"href":"https:\/\/ciudadtrujillo.com\/index.php?rest_route=%2Fwp%2Fv2%2Fcategories&post=49070"},{"taxonomy":"post_tag","embeddable":true,"href":"https:\/\/ciudadtrujillo.com\/index.php?rest_route=%2Fwp%2Fv2%2Ftags&post=49070"}],"curies":[{"name":"wp","href":"https:\/\/api.w.org\/{rel}","templated":true}]}}