{"id":49067,"date":"2025-11-17T22:51:32","date_gmt":"2025-11-18T02:51:32","guid":{"rendered":"https:\/\/ciudadtrujillo.com\/?p=49067"},"modified":"2025-11-17T22:51:32","modified_gmt":"2025-11-18T02:51:32","slug":"presidente-maduro-vamos-a-alcanzar-las-6-mil-comunas-que-necesita-el-pais","status":"publish","type":"post","link":"https:\/\/ciudadtrujillo.com\/?p=49067","title":{"rendered":"Presidente Maduro: Vamos a alcanzar las 6 mil comunas que necesita el pa\u00eds"},"content":{"rendered":"<p>El presidente de la Rep\u00fablica Bolivariana de Venezuela,\u00a0<strong>Nicol\u00e1s Maduro<\/strong>, afirm\u00f3 que se debe unificar el esfuerzo del\u00a0<strong>Estado-naci\u00f3n<\/strong>\u00a0y el pueblo, pues no pueden ser dos cosas diferentes. \u201cVamos a constituir y alcanzar las seis mil comunas que necesita el pa\u00eds\u201d, expres\u00f3.<\/p>\n<p>A trav\u00e9s de un material audiovisual publicado en su canal\u00a0<strong>Telegram<\/strong>, el jefe de Estado manifest\u00f3 que\u00a0<strong>los recursos de la naci\u00f3n<\/strong>\u00a0se deben optimizar al m\u00e1ximo para resolver las necesidades del pueblo.<\/p>\n<p>\u201cEl proceso de la comuna, del socialismo en lo territorial, es lo m\u00e1s grande que ha hecho nuestro pueblo en d\u00e9cadas; es decir, construye su propio poder y la independencia de la Rep\u00fablica se cimenta en una<strong>\u00a0poblaci\u00f3n empoderada<\/strong>, consciente y organizada\u201d, recalc\u00f3.<\/p>\n<h4>Mensaje a cristianos de EE. UU.<\/h4>\n<p>Por otra parte, el mandatario venezolano envi\u00f3 un mensaje desde la patria de\u00a0<strong>El Libertador, Sim\u00f3n Bol\u00edvar<\/strong>, a los cristianos de Estados Unidos y en toda Am\u00e9rica, \u201cpara que seamos los defensores y llevemos el estandarte de la Paz, la armon\u00eda, y el perd\u00f3n. \u00a1Es una uni\u00f3n sagrada la que nos mueve!\u201d.<\/p>\n<p>Indic\u00f3 que la \u201cmisericordia grande del Se\u00f1or es una uni\u00f3n sagrada que nos mueve y s\u00e9 que Dios nos ve,\u00a0<strong>nos escucha y nos protege<\/strong>\u201d.<\/p>\n<p>Finalmente, el presidente Nicol\u00e1s Maduro record\u00f3 que, recientemente, tuvo un encuentro con m\u00fasicos del\u00a0<strong>estado Miranda<\/strong>\u00a0tocando al son de los timbales. \u201cAqu\u00ed resistimos con alegr\u00eda, \u2018tumbao\u2019 y sabor caribe\u00f1o\u201d, subray\u00f3.<\/p>\n<p><strong>VTV\/NA\/CP<\/strong><\/p>\n","protected":false},"excerpt":{"rendered":"<p>El presidente de la Rep\u00fablica Bolivariana de Venezuela,\u00a0Nicol\u00e1s Maduro, afirm\u00f3 que se debe unificar el esfuerzo del\u00a0Estado-naci\u00f3n\u00a0y el pueblo, pues no pueden ser dos cosas diferentes. \u201cVamos a constituir y&hellip; <\/p>\n","protected":false},"author":7,"featured_media":49068,"comment_status":"closed","ping_status":"closed","sticky":false,"template":"","format":"standard","meta":{"footnotes":""},"categories":[41],"tags":[],"class_list":["post-49067","post","type-post","status-publish","format-standard","has-post-thumbnail","hentry","category-pais"],"_links":{"self":[{"href":"https:\/\/ciudadtrujillo.com\/index.php?rest_route=\/wp\/v2\/posts\/49067","targetHints":{"allow":["GET"]}}],"collection":[{"href":"https:\/\/ciudadtrujillo.com\/index.php?rest_route=\/wp\/v2\/posts"}],"about":[{"href":"https:\/\/ciudadtrujillo.com\/index.php?rest_route=\/wp\/v2\/types\/post"}],"author":[{"embeddable":true,"href":"https:\/\/ciudadtrujillo.com\/index.php?rest_route=\/wp\/v2\/users\/7"}],"replies":[{"embeddable":true,"href":"https:\/\/ciudadtrujillo.com\/index.php?rest_route=%2Fwp%2Fv2%2Fcomments&post=49067"}],"version-history":[{"count":1,"href":"https:\/\/ciudadtrujillo.com\/index.php?rest_route=\/wp\/v2\/posts\/49067\/revisions"}],"predecessor-version":[{"id":49069,"href":"https:\/\/ciudadtrujillo.com\/index.php?rest_route=\/wp\/v2\/posts\/49067\/revisions\/49069"}],"wp:featuredmedia":[{"embeddable":true,"href":"https:\/\/ciudadtrujillo.com\/index.php?rest_route=\/wp\/v2\/media\/49068"}],"wp:attachment":[{"href":"https:\/\/ciudadtrujillo.com\/index.php?rest_route=%2Fwp%2Fv2%2Fmedia&parent=49067"}],"wp:term":[{"taxonomy":"category","embeddable":true,"href":"https:\/\/ciudadtrujillo.com\/index.php?rest_route=%2Fwp%2Fv2%2Fcategories&post=49067"},{"taxonomy":"post_tag","embeddable":true,"href":"https:\/\/ciudadtrujillo.com\/index.php?rest_route=%2Fwp%2Fv2%2Ftags&post=49067"}],"curies":[{"name":"wp","href":"https:\/\/api.w.org\/{rel}","templated":true}]}}