{"id":49064,"date":"2025-11-17T22:45:03","date_gmt":"2025-11-18T02:45:03","guid":{"rendered":"https:\/\/ciudadtrujillo.com\/?p=49064"},"modified":"2025-11-17T22:45:03","modified_gmt":"2025-11-18T02:45:03","slug":"eduin-becerra-se-bana-de-gloria-en-la-4ta-etapa-de-la-vuelta-a-trujillo","status":"publish","type":"post","link":"https:\/\/ciudadtrujillo.com\/?p=49064","title":{"rendered":"Eduin Becerra se ba\u00f1a de gloria en la 4ta etapa de la Vuelta a Trujillo"},"content":{"rendered":"<p>&nbsp;<\/p>\n<p>Carache fue la meta que espero por el ciclista Eduin Becerra del equipo de la Confiter\u00eda La Guacamaya &#8211; Trululu, para cruzar la meta y ba\u00f1arse de gloria tras coronarse como ganador de la 4ta etapa de la Vuelta Cicl\u00edstica a Trujillo y posicionarse como l\u00edder general de esta contienda deportiva.<\/p>\n<p>Esta justa deportiva estuvo cargada de un gran desempe\u00f1o de los atletas, quienes en los primeros minutos rompieron el tren multicolor en busca de los primeros lugares, siendo Jhonny Araujo (Indet &#8211; Criket) el clasificado en la posici\u00f3n general de los Sprints y Roniel Campos (Gobierno de Trujillo) el l\u00edder general de Monta\u00f1a.<\/p>\n<p>Asimismo, en la clasificaci\u00f3n general de la Sub 23, la camiseta blanca fue cedida al corredor Diego M\u00e9ndez del equipo Loter\u00eda T\u00e1chira Grupo Norte.<\/p>\n<p>Se espera que hoy los corredores disputen la 5ta etapa de esta Vuelta a Trujillo, la cual tendr\u00e1 un recorrido de retorno saliendo desde Carache con llegada a Buena Vista.<\/p>\n<p>&nbsp;<\/p>\n<p><em>Rossiel Hurtado <\/em><br \/>\n<em>Gr\u00e1ficas: DGPG<\/em><\/p>\n","protected":false},"excerpt":{"rendered":"<p>&nbsp; Carache fue la meta que espero por el ciclista Eduin Becerra del equipo de la Confiter\u00eda La Guacamaya &#8211; Trululu, para cruzar la meta y ba\u00f1arse de gloria tras&hellip; <\/p>\n","protected":false},"author":7,"featured_media":49065,"comment_status":"closed","ping_status":"closed","sticky":false,"template":"","format":"standard","meta":{"footnotes":""},"categories":[52,40],"tags":[],"class_list":["post-49064","post","type-post","status-publish","format-standard","has-post-thumbnail","hentry","category-destacadas","category-grantrujillo"],"_links":{"self":[{"href":"https:\/\/ciudadtrujillo.com\/index.php?rest_route=\/wp\/v2\/posts\/49064","targetHints":{"allow":["GET"]}}],"collection":[{"href":"https:\/\/ciudadtrujillo.com\/index.php?rest_route=\/wp\/v2\/posts"}],"about":[{"href":"https:\/\/ciudadtrujillo.com\/index.php?rest_route=\/wp\/v2\/types\/post"}],"author":[{"embeddable":true,"href":"https:\/\/ciudadtrujillo.com\/index.php?rest_route=\/wp\/v2\/users\/7"}],"replies":[{"embeddable":true,"href":"https:\/\/ciudadtrujillo.com\/index.php?rest_route=%2Fwp%2Fv2%2Fcomments&post=49064"}],"version-history":[{"count":1,"href":"https:\/\/ciudadtrujillo.com\/index.php?rest_route=\/wp\/v2\/posts\/49064\/revisions"}],"predecessor-version":[{"id":49066,"href":"https:\/\/ciudadtrujillo.com\/index.php?rest_route=\/wp\/v2\/posts\/49064\/revisions\/49066"}],"wp:featuredmedia":[{"embeddable":true,"href":"https:\/\/ciudadtrujillo.com\/index.php?rest_route=\/wp\/v2\/media\/49065"}],"wp:attachment":[{"href":"https:\/\/ciudadtrujillo.com\/index.php?rest_route=%2Fwp%2Fv2%2Fmedia&parent=49064"}],"wp:term":[{"taxonomy":"category","embeddable":true,"href":"https:\/\/ciudadtrujillo.com\/index.php?rest_route=%2Fwp%2Fv2%2Fcategories&post=49064"},{"taxonomy":"post_tag","embeddable":true,"href":"https:\/\/ciudadtrujillo.com\/index.php?rest_route=%2Fwp%2Fv2%2Ftags&post=49064"}],"curies":[{"name":"wp","href":"https:\/\/api.w.org\/{rel}","templated":true}]}}