{"id":48360,"date":"2025-10-19T20:41:47","date_gmt":"2025-10-20T00:41:47","guid":{"rendered":"https:\/\/ciudadtrujillo.com\/?p=48360"},"modified":"2025-10-19T20:41:47","modified_gmt":"2025-10-20T00:41:47","slug":"feligreses-vivieron-en-isnotu-actividades-religiosas-para-celebrar-santificacion-del-medico-de-los-pobres","status":"publish","type":"post","link":"https:\/\/ciudadtrujillo.com\/?p=48360","title":{"rendered":"Feligreses vivieron en Isnot\u00fa actividades religiosas para celebrar santificaci\u00f3n del M\u00e9dico de los Pobres"},"content":{"rendered":"<p>Luego de los fuegos artificiales y campanadas en el Santuario de Isnot\u00fa tras la lectura del decreto pontificio que concede la canonizaci\u00f3n a la Madre Carmen Rendiles y al Dr. Jos\u00e9 Gregorio Hern\u00e1ndez, la tierra del trujillano universal se colm\u00f3 de fervor religioso y alegr\u00eda por tan esperado hecho hist\u00f3rico.<\/p>\n<p>Pasadas las 6 de la ma\u00f1ana de este 19 de octubre, inici\u00f3 la caminata \u00abOrgullo de nuestro pueblo\u00bb desde la Plaza Jos\u00e9 Gregorio Hern\u00e1ndez de Valera hasta el terru\u00f1o del M\u00e9dico de los Pobres. En esta actividad los devotos realizaron el recorrido con la imagen hiperrealista del primer santo venezolano en hombros.<\/p>\n<p>Al llegar la imagen hiperrealista a Isnot\u00fa se efectu\u00f3 una misa solemne en el atrio de la parroquia Nuestra Se\u00f1ora del Rosario para dar gracias a Dios por la elevaci\u00f3n a los altares del Dr. Jos\u00e9 Gregorio Hern\u00e1ndez.<\/p>\n<p>Posteriormente, al caer la tarde, se realiz\u00f3 una velada cultural para cerrar con broche de oro esta importante fecha que marca un antes y un despu\u00e9s en la Iglesia Cat\u00f3lica.<\/p>\n<p>&nbsp;<\/p>\n<h6>Yelimar Hidalgo<\/h6>\n<h6>Gr\u00e1ficas: DGPG<\/h6>\n","protected":false},"excerpt":{"rendered":"<p>Luego de los fuegos artificiales y campanadas en el Santuario de Isnot\u00fa tras la lectura del decreto pontificio que concede la canonizaci\u00f3n a la Madre Carmen Rendiles y al Dr.&hellip; <\/p>\n","protected":false},"author":7,"featured_media":48361,"comment_status":"closed","ping_status":"closed","sticky":false,"template":"","format":"standard","meta":{"footnotes":""},"categories":[40],"tags":[],"class_list":["post-48360","post","type-post","status-publish","format-standard","has-post-thumbnail","hentry","category-grantrujillo"],"_links":{"self":[{"href":"https:\/\/ciudadtrujillo.com\/index.php?rest_route=\/wp\/v2\/posts\/48360","targetHints":{"allow":["GET"]}}],"collection":[{"href":"https:\/\/ciudadtrujillo.com\/index.php?rest_route=\/wp\/v2\/posts"}],"about":[{"href":"https:\/\/ciudadtrujillo.com\/index.php?rest_route=\/wp\/v2\/types\/post"}],"author":[{"embeddable":true,"href":"https:\/\/ciudadtrujillo.com\/index.php?rest_route=\/wp\/v2\/users\/7"}],"replies":[{"embeddable":true,"href":"https:\/\/ciudadtrujillo.com\/index.php?rest_route=%2Fwp%2Fv2%2Fcomments&post=48360"}],"version-history":[{"count":1,"href":"https:\/\/ciudadtrujillo.com\/index.php?rest_route=\/wp\/v2\/posts\/48360\/revisions"}],"predecessor-version":[{"id":48362,"href":"https:\/\/ciudadtrujillo.com\/index.php?rest_route=\/wp\/v2\/posts\/48360\/revisions\/48362"}],"wp:featuredmedia":[{"embeddable":true,"href":"https:\/\/ciudadtrujillo.com\/index.php?rest_route=\/wp\/v2\/media\/48361"}],"wp:attachment":[{"href":"https:\/\/ciudadtrujillo.com\/index.php?rest_route=%2Fwp%2Fv2%2Fmedia&parent=48360"}],"wp:term":[{"taxonomy":"category","embeddable":true,"href":"https:\/\/ciudadtrujillo.com\/index.php?rest_route=%2Fwp%2Fv2%2Fcategories&post=48360"},{"taxonomy":"post_tag","embeddable":true,"href":"https:\/\/ciudadtrujillo.com\/index.php?rest_route=%2Fwp%2Fv2%2Ftags&post=48360"}],"curies":[{"name":"wp","href":"https:\/\/api.w.org\/{rel}","templated":true}]}}