{"id":48357,"date":"2025-10-19T20:35:30","date_gmt":"2025-10-20T00:35:30","guid":{"rendered":"https:\/\/ciudadtrujillo.com\/?p=48357"},"modified":"2025-10-19T20:35:30","modified_gmt":"2025-10-20T00:35:30","slug":"gobierno-bolivariano-inaugura-obras-en-el-paraiso-espiritual-de-venezuela","status":"publish","type":"post","link":"https:\/\/ciudadtrujillo.com\/?p=48357","title":{"rendered":"Gobierno Bolivariano inaugura obras en el Para\u00edso Espiritual de Venezuela"},"content":{"rendered":"<p>Este s\u00e1bado, el ministro de Obras P\u00fablicas, Juan Ram\u00edrez, junto al gobernador de la entidad, Gerardo M\u00e1rquez, realiz\u00f3 la entrega de diversas obras en el terru\u00f1o de San Jos\u00e9 Gregorio Hern\u00e1ndez por su canonizaci\u00f3n.<\/p>\n<p>El mandatario regional destac\u00f3 que una de las entregas fueron siete estaciones, que son peque\u00f1as capillas ubicadas a lo largo de la carretera que une a Valera con Isnot\u00fa. Cada una de las estaciones son un espacio de descanso, reflexi\u00f3n y fe, proporcionando un lugar sagrado para los peregrinos.<\/p>\n<p>Adem\u00e1s, se llev\u00f3 a cabo la recuperaci\u00f3n del mercado artesanal de la poblaci\u00f3n y el impulso de los emprendimientos de Sara Linda, fomentando as\u00ed el desarrollo econ\u00f3mico local.<\/p>\n<p>Tambi\u00e9n se entregaron p\u00f3rticos en las entradas y salidas de la zona, as\u00ed como el Altar Mayor, ubicado frente a la Iglesia Nuestra Se\u00f1ora del Rosario.<\/p>\n<p>&nbsp;<\/p>\n<h6>Ciudad Trujillo<\/h6>\n<h6>Gr\u00e1ficas: DGPG<\/h6>\n","protected":false},"excerpt":{"rendered":"<p>Este s\u00e1bado, el ministro de Obras P\u00fablicas, Juan Ram\u00edrez, junto al gobernador de la entidad, Gerardo M\u00e1rquez, realiz\u00f3 la entrega de diversas obras en el terru\u00f1o de San Jos\u00e9 Gregorio&hellip; <\/p>\n","protected":false},"author":7,"featured_media":48358,"comment_status":"closed","ping_status":"closed","sticky":false,"template":"","format":"standard","meta":{"footnotes":""},"categories":[40],"tags":[],"class_list":["post-48357","post","type-post","status-publish","format-standard","has-post-thumbnail","hentry","category-grantrujillo"],"_links":{"self":[{"href":"https:\/\/ciudadtrujillo.com\/index.php?rest_route=\/wp\/v2\/posts\/48357","targetHints":{"allow":["GET"]}}],"collection":[{"href":"https:\/\/ciudadtrujillo.com\/index.php?rest_route=\/wp\/v2\/posts"}],"about":[{"href":"https:\/\/ciudadtrujillo.com\/index.php?rest_route=\/wp\/v2\/types\/post"}],"author":[{"embeddable":true,"href":"https:\/\/ciudadtrujillo.com\/index.php?rest_route=\/wp\/v2\/users\/7"}],"replies":[{"embeddable":true,"href":"https:\/\/ciudadtrujillo.com\/index.php?rest_route=%2Fwp%2Fv2%2Fcomments&post=48357"}],"version-history":[{"count":1,"href":"https:\/\/ciudadtrujillo.com\/index.php?rest_route=\/wp\/v2\/posts\/48357\/revisions"}],"predecessor-version":[{"id":48359,"href":"https:\/\/ciudadtrujillo.com\/index.php?rest_route=\/wp\/v2\/posts\/48357\/revisions\/48359"}],"wp:featuredmedia":[{"embeddable":true,"href":"https:\/\/ciudadtrujillo.com\/index.php?rest_route=\/wp\/v2\/media\/48358"}],"wp:attachment":[{"href":"https:\/\/ciudadtrujillo.com\/index.php?rest_route=%2Fwp%2Fv2%2Fmedia&parent=48357"}],"wp:term":[{"taxonomy":"category","embeddable":true,"href":"https:\/\/ciudadtrujillo.com\/index.php?rest_route=%2Fwp%2Fv2%2Fcategories&post=48357"},{"taxonomy":"post_tag","embeddable":true,"href":"https:\/\/ciudadtrujillo.com\/index.php?rest_route=%2Fwp%2Fv2%2Ftags&post=48357"}],"curies":[{"name":"wp","href":"https:\/\/api.w.org\/{rel}","templated":true}]}}