{"id":48354,"date":"2025-10-19T20:29:35","date_gmt":"2025-10-20T00:29:35","guid":{"rendered":"https:\/\/ciudadtrujillo.com\/?p=48354"},"modified":"2025-10-19T20:29:35","modified_gmt":"2025-10-20T00:29:35","slug":"venezuela-tiene-su-primer-santo-laico-nacido-en-trujillo","status":"publish","type":"post","link":"https:\/\/ciudadtrujillo.com\/?p=48354","title":{"rendered":"Venezuela tiene su primer santo laico nacido en Trujillo"},"content":{"rendered":"<p>La espiritualidad de la feligres\u00eda que venera al Dr. Jos\u00e9 Gregorio Hern\u00e1ndez ha quedado sellada en la historia del estado Trujillo al canonizar a este ilustre nacido en Isnot\u00fa.<\/p>\n<p>El Dr. Jos\u00e9 Gregorio Hern\u00e1ndez fue exaltado a los altares junto a la Madre Carmen Rendiles por el Papa Le\u00f3n XIV este 19 de octubre desde la Plaza San Pedro de El Vaticano.<\/p>\n<p>Feligres\u00eda y devotos proveniente de distintas entidades del pa\u00eds llegaron a Isnot\u00fa para rendirle devoci\u00f3n al M\u00e9dico de los Pobres, digno de veneraci\u00f3n por su dedicaci\u00f3n a los m\u00e1s necesitados, m\u00e9rito que lo llev\u00f3 a la santidad mediante una canonizaci\u00f3n equivalente autorizada por el Papa Francisco en febrero de este a\u00f1o.<\/p>\n<p>Es preciso recordar que la beatificaci\u00f3n de San Jos\u00e9 Gregorio Hern\u00e1ndez fue en el 2020, tras aprobarse el milagro de la recuperaci\u00f3n extraordinaria de la ni\u00f1a Yaxury Solorzano, quien sufri\u00f3 una herida cerebral luego de un impacto de bala.<\/p>\n<p>Isnot\u00fa contin\u00faa impregnado de la feligres\u00eda que venera al santo Jos\u00e9 Gregorio Hern\u00e1ndez, en agradecimiento de los favores concedidos y para tambi\u00e9n elevar sus plegarias al nuevo santo.<\/p>\n<p>&nbsp;<\/p>\n<h6>Rossiel Hurtado<\/h6>\n<h6>Gr\u00e1ficas: DGPG<\/h6>\n","protected":false},"excerpt":{"rendered":"<p>La espiritualidad de la feligres\u00eda que venera al Dr. Jos\u00e9 Gregorio Hern\u00e1ndez ha quedado sellada en la historia del estado Trujillo al canonizar a este ilustre nacido en Isnot\u00fa. El&hellip; <\/p>\n","protected":false},"author":7,"featured_media":48355,"comment_status":"closed","ping_status":"closed","sticky":false,"template":"","format":"standard","meta":{"footnotes":""},"categories":[40],"tags":[],"class_list":["post-48354","post","type-post","status-publish","format-standard","has-post-thumbnail","hentry","category-grantrujillo"],"_links":{"self":[{"href":"https:\/\/ciudadtrujillo.com\/index.php?rest_route=\/wp\/v2\/posts\/48354","targetHints":{"allow":["GET"]}}],"collection":[{"href":"https:\/\/ciudadtrujillo.com\/index.php?rest_route=\/wp\/v2\/posts"}],"about":[{"href":"https:\/\/ciudadtrujillo.com\/index.php?rest_route=\/wp\/v2\/types\/post"}],"author":[{"embeddable":true,"href":"https:\/\/ciudadtrujillo.com\/index.php?rest_route=\/wp\/v2\/users\/7"}],"replies":[{"embeddable":true,"href":"https:\/\/ciudadtrujillo.com\/index.php?rest_route=%2Fwp%2Fv2%2Fcomments&post=48354"}],"version-history":[{"count":1,"href":"https:\/\/ciudadtrujillo.com\/index.php?rest_route=\/wp\/v2\/posts\/48354\/revisions"}],"predecessor-version":[{"id":48356,"href":"https:\/\/ciudadtrujillo.com\/index.php?rest_route=\/wp\/v2\/posts\/48354\/revisions\/48356"}],"wp:featuredmedia":[{"embeddable":true,"href":"https:\/\/ciudadtrujillo.com\/index.php?rest_route=\/wp\/v2\/media\/48355"}],"wp:attachment":[{"href":"https:\/\/ciudadtrujillo.com\/index.php?rest_route=%2Fwp%2Fv2%2Fmedia&parent=48354"}],"wp:term":[{"taxonomy":"category","embeddable":true,"href":"https:\/\/ciudadtrujillo.com\/index.php?rest_route=%2Fwp%2Fv2%2Fcategories&post=48354"},{"taxonomy":"post_tag","embeddable":true,"href":"https:\/\/ciudadtrujillo.com\/index.php?rest_route=%2Fwp%2Fv2%2Ftags&post=48354"}],"curies":[{"name":"wp","href":"https:\/\/api.w.org\/{rel}","templated":true}]}}