{"id":48351,"date":"2025-10-19T20:23:00","date_gmt":"2025-10-20T00:23:00","guid":{"rendered":"https:\/\/ciudadtrujillo.com\/?p=48351"},"modified":"2025-10-19T20:23:00","modified_gmt":"2025-10-20T00:23:00","slug":"gob-gerardo-marquez-se-cumplio-el-anhelo-de-los-venezolanos-al-ser-canonizado-el-trujillano-universal","status":"publish","type":"post","link":"https:\/\/ciudadtrujillo.com\/?p=48351","title":{"rendered":"Gob. Gerardo M\u00e1rquez: Se cumpli\u00f3 el anhelo de los venezolanos al ser canonizado el trujillano universal"},"content":{"rendered":"<p>\u00abTenemos el anhelo de millones y millones de venezolanos, que es la canonizaci\u00f3n de nuestro santo Dr. Jos\u00e9 Gregorio Hern\u00e1ndez\u00bb, afirm\u00f3 el gobernador del estado Trujillo, Gerardo M\u00e1rquez, durante la fiesta religiosa en la canonizaci\u00f3n del venerado m\u00e9dico y santo venezolano.<\/p>\n<p>El mandatario regional agradeci\u00f3 al Presidente Nicol\u00e1s Maduro por su apoyo durante el proceso de canonizaci\u00f3n. Adem\u00e1s, destac\u00f3 que este anhelo fue esperado por m\u00e1s de 70 a\u00f1os.<\/p>\n<p>Este domingo, se celebr\u00f3 un hecho hist\u00f3rico que marca un hito en la historia de la entidad, uno de los m\u00e1s importantes en los \u00faltimos 150 a\u00f1os, enfatiz\u00f3 M\u00e1rquez.<\/p>\n<p>La canonizaci\u00f3n del San Hern\u00e1ndez representa un triunfo espiritual para los venezolanos, asimismo reafirma la identidad y la fe de un pueblo que ha esperado este momento con fervor.<\/p>\n<p>&nbsp;<\/p>\n<h6>Ciudad Trujillo<\/h6>\n<h6>Gr\u00e1ficas: DGPG<\/h6>\n","protected":false},"excerpt":{"rendered":"<p>\u00abTenemos el anhelo de millones y millones de venezolanos, que es la canonizaci\u00f3n de nuestro santo Dr. Jos\u00e9 Gregorio Hern\u00e1ndez\u00bb, afirm\u00f3 el gobernador del estado Trujillo, Gerardo M\u00e1rquez, durante la&hellip; <\/p>\n","protected":false},"author":7,"featured_media":48352,"comment_status":"closed","ping_status":"closed","sticky":false,"template":"","format":"standard","meta":{"footnotes":""},"categories":[40],"tags":[],"class_list":["post-48351","post","type-post","status-publish","format-standard","has-post-thumbnail","hentry","category-grantrujillo"],"_links":{"self":[{"href":"https:\/\/ciudadtrujillo.com\/index.php?rest_route=\/wp\/v2\/posts\/48351","targetHints":{"allow":["GET"]}}],"collection":[{"href":"https:\/\/ciudadtrujillo.com\/index.php?rest_route=\/wp\/v2\/posts"}],"about":[{"href":"https:\/\/ciudadtrujillo.com\/index.php?rest_route=\/wp\/v2\/types\/post"}],"author":[{"embeddable":true,"href":"https:\/\/ciudadtrujillo.com\/index.php?rest_route=\/wp\/v2\/users\/7"}],"replies":[{"embeddable":true,"href":"https:\/\/ciudadtrujillo.com\/index.php?rest_route=%2Fwp%2Fv2%2Fcomments&post=48351"}],"version-history":[{"count":1,"href":"https:\/\/ciudadtrujillo.com\/index.php?rest_route=\/wp\/v2\/posts\/48351\/revisions"}],"predecessor-version":[{"id":48353,"href":"https:\/\/ciudadtrujillo.com\/index.php?rest_route=\/wp\/v2\/posts\/48351\/revisions\/48353"}],"wp:featuredmedia":[{"embeddable":true,"href":"https:\/\/ciudadtrujillo.com\/index.php?rest_route=\/wp\/v2\/media\/48352"}],"wp:attachment":[{"href":"https:\/\/ciudadtrujillo.com\/index.php?rest_route=%2Fwp%2Fv2%2Fmedia&parent=48351"}],"wp:term":[{"taxonomy":"category","embeddable":true,"href":"https:\/\/ciudadtrujillo.com\/index.php?rest_route=%2Fwp%2Fv2%2Fcategories&post=48351"},{"taxonomy":"post_tag","embeddable":true,"href":"https:\/\/ciudadtrujillo.com\/index.php?rest_route=%2Fwp%2Fv2%2Ftags&post=48351"}],"curies":[{"name":"wp","href":"https:\/\/api.w.org\/{rel}","templated":true}]}}