{"id":48348,"date":"2025-10-19T20:15:46","date_gmt":"2025-10-20T00:15:46","guid":{"rendered":"https:\/\/ciudadtrujillo.com\/?p=48348"},"modified":"2025-10-19T20:15:46","modified_gmt":"2025-10-20T00:15:46","slug":"capital-del-estado-tiene-la-escultura-del-dr-jose-gregorio-hernandez-mas-grande-del-mundo","status":"publish","type":"post","link":"https:\/\/ciudadtrujillo.com\/?p=48348","title":{"rendered":"Capital del estado tiene la escultura del Dr. Jos\u00e9 Gregorio Hern\u00e1ndez m\u00e1s grande del mundo"},"content":{"rendered":"<p>A pocas horas de la canonizaci\u00f3n del Dr. Jos\u00e9 Gregorio Hern\u00e1ndez, en Trujillo capital fue develada la placa de reconocimiento e instalaci\u00f3n de la escultura m\u00e1s grande del mundo en honor al M\u00e9dico de los Pobres. La obra de m\u00e1s de nueve metros de altura, enviada como un regalo del Presidente Nicol\u00e1s Maduro, fue realizada por el joven artista Josue Benjam\u00edn Figueroa, que en aproximadamente 2 meses logr\u00f3 su creaci\u00f3n.<\/p>\n<p>El acto estuvo encabezado por el ministro de Obras P\u00fablicas, Juan Jos\u00e9 Ram\u00edrez, acompa\u00f1ado del gobernador Gerardo M\u00e1rquez, autoridades del ejecutivo nacional y regional, as\u00ed como el joven escultor, quien se mostr\u00f3 complacido de haber sido parte de este momento emblem\u00e1tico para Trujillo.<\/p>\n<p>La colosal estructura fue colocada en el parque San Jos\u00e9 Gregorio Hern\u00e1ndez del municipio capital, anteriormente conocido como parque Los Ilustres, el cual est\u00e1 siendo recuperado y modernizado como parte de un proyecto gubernamental en el marco de la santificaci\u00f3n del galeno trujillano.<\/p>\n<p>Al respecto, el ministro Juan Ram\u00edrez expres\u00f3 que esta estructura representa una de las 21 obras que el Presidente Nicol\u00e1s Maduro orden\u00f3 en v\u00edsperas de la canonizaci\u00f3n del Dr. Jos\u00e9 Gregorio Hern\u00e1ndez y la Madre Carmen Rendiles. \u00abSon obras que se est\u00e1n desarrollando en la ciudad capital, as\u00ed como en Trujillo e Isnot\u00fa\u00bb, dijo.<\/p>\n<p>En nombre del pueblo trujillano, el gobernador Gerardo M\u00e1rquez agradeci\u00f3 al presidente Nicol\u00e1s Maduro por este importante regalo \u00aby a al joven artista de 16 a\u00f1os, Josu\u00e9 Benjam\u00edn, quien con su talento y sus manos benditas nos ha realizado esta obra\u00bb.<\/p>\n<p>&nbsp;<\/p>\n<h6>Yelimar Hidalgo<\/h6>\n<h6>Gr\u00e1ficas: DGPG<\/h6>\n","protected":false},"excerpt":{"rendered":"<p>A pocas horas de la canonizaci\u00f3n del Dr. Jos\u00e9 Gregorio Hern\u00e1ndez, en Trujillo capital fue develada la placa de reconocimiento e instalaci\u00f3n de la escultura m\u00e1s grande del mundo en&hellip; <\/p>\n","protected":false},"author":7,"featured_media":48349,"comment_status":"closed","ping_status":"closed","sticky":false,"template":"","format":"standard","meta":{"footnotes":""},"categories":[40],"tags":[],"class_list":["post-48348","post","type-post","status-publish","format-standard","has-post-thumbnail","hentry","category-grantrujillo"],"_links":{"self":[{"href":"https:\/\/ciudadtrujillo.com\/index.php?rest_route=\/wp\/v2\/posts\/48348","targetHints":{"allow":["GET"]}}],"collection":[{"href":"https:\/\/ciudadtrujillo.com\/index.php?rest_route=\/wp\/v2\/posts"}],"about":[{"href":"https:\/\/ciudadtrujillo.com\/index.php?rest_route=\/wp\/v2\/types\/post"}],"author":[{"embeddable":true,"href":"https:\/\/ciudadtrujillo.com\/index.php?rest_route=\/wp\/v2\/users\/7"}],"replies":[{"embeddable":true,"href":"https:\/\/ciudadtrujillo.com\/index.php?rest_route=%2Fwp%2Fv2%2Fcomments&post=48348"}],"version-history":[{"count":1,"href":"https:\/\/ciudadtrujillo.com\/index.php?rest_route=\/wp\/v2\/posts\/48348\/revisions"}],"predecessor-version":[{"id":48350,"href":"https:\/\/ciudadtrujillo.com\/index.php?rest_route=\/wp\/v2\/posts\/48348\/revisions\/48350"}],"wp:featuredmedia":[{"embeddable":true,"href":"https:\/\/ciudadtrujillo.com\/index.php?rest_route=\/wp\/v2\/media\/48349"}],"wp:attachment":[{"href":"https:\/\/ciudadtrujillo.com\/index.php?rest_route=%2Fwp%2Fv2%2Fmedia&parent=48348"}],"wp:term":[{"taxonomy":"category","embeddable":true,"href":"https:\/\/ciudadtrujillo.com\/index.php?rest_route=%2Fwp%2Fv2%2Fcategories&post=48348"},{"taxonomy":"post_tag","embeddable":true,"href":"https:\/\/ciudadtrujillo.com\/index.php?rest_route=%2Fwp%2Fv2%2Ftags&post=48348"}],"curies":[{"name":"wp","href":"https:\/\/api.w.org\/{rel}","templated":true}]}}