{"id":48322,"date":"2025-10-16T20:48:08","date_gmt":"2025-10-17T00:48:08","guid":{"rendered":"https:\/\/ciudadtrujillo.com\/?p=48322"},"modified":"2025-10-16T20:48:08","modified_gmt":"2025-10-17T00:48:08","slug":"ocupacion-hotelera-esta-al-tope-en-los-municipios-rafael-rangel-escuque-y-valera","status":"publish","type":"post","link":"https:\/\/ciudadtrujillo.com\/?p=48322","title":{"rendered":"Ocupaci\u00f3n hotelera est\u00e1 al tope en los municipios Rafael Rangel, Escuque y Valera"},"content":{"rendered":"<p>A solo d\u00edas para la canonizaci\u00f3n del Dr. Jos\u00e9 Gregorio Hern\u00e1ndez, el estado Trujillo, se convierte en un destino tur\u00edstico por excelencia previo a la gran celebraci\u00f3n de la Iglesia Universal, ciento de feligreses ya han reservado su hospedaje en diferentes municipios de la regi\u00f3n andina.<\/p>\n<p>Seg\u00fan datos presentados por la encargada de la cartera tur\u00edstica en Trujillo, Ing Mar\u00eda Gabriela Albornoz; Trujillo cuenta con una capacidad de 6500 plazas camas, de las cuales tiene una ocupaci\u00f3n hotelera total para la fecha, en los municipios Rafael Rangel, Escuque y Valera.<\/p>\n<p>\u201chasta la fecha hemos reportado su m\u00e1xima capacidad, la seguridad est\u00e1 garantizada, puntos de hidrataci\u00f3n, atenci\u00f3n y auxilio, puntos de informaci\u00f3n tur\u00edsticos, todo esto previo a la canonizaci\u00f3n de nuestro Jos\u00e9 Gregorio Hern\u00e1ndez \u201d, agreg\u00f3.<\/p>\n<p>Albornoz, agreg\u00f3 que recomienda a propios y visitantes que se trasladar\u00e1n a Isnot\u00fa en su veh\u00edculo particular, de igual modo mantener la calma y estar sujetos a las indicaciones de las autoridades.<\/p>\n<p>Cabe destacar que las calles principales del pueblo natal del santo trujillano este pr\u00f3ximo 18 y 19 de octubre estar\u00e1n totalmente despejadas de veh\u00edculo para garantizar el transito de los peregrinos.<\/p>\n<p>&nbsp;<\/p>\n<h6>Prensa CTT<\/h6>\n","protected":false},"excerpt":{"rendered":"<p>A solo d\u00edas para la canonizaci\u00f3n del Dr. Jos\u00e9 Gregorio Hern\u00e1ndez, el estado Trujillo, se convierte en un destino tur\u00edstico por excelencia previo a la gran celebraci\u00f3n de la Iglesia&hellip; <\/p>\n","protected":false},"author":7,"featured_media":48323,"comment_status":"closed","ping_status":"closed","sticky":false,"template":"","format":"standard","meta":{"footnotes":""},"categories":[40],"tags":[],"class_list":["post-48322","post","type-post","status-publish","format-standard","has-post-thumbnail","hentry","category-grantrujillo"],"_links":{"self":[{"href":"https:\/\/ciudadtrujillo.com\/index.php?rest_route=\/wp\/v2\/posts\/48322","targetHints":{"allow":["GET"]}}],"collection":[{"href":"https:\/\/ciudadtrujillo.com\/index.php?rest_route=\/wp\/v2\/posts"}],"about":[{"href":"https:\/\/ciudadtrujillo.com\/index.php?rest_route=\/wp\/v2\/types\/post"}],"author":[{"embeddable":true,"href":"https:\/\/ciudadtrujillo.com\/index.php?rest_route=\/wp\/v2\/users\/7"}],"replies":[{"embeddable":true,"href":"https:\/\/ciudadtrujillo.com\/index.php?rest_route=%2Fwp%2Fv2%2Fcomments&post=48322"}],"version-history":[{"count":1,"href":"https:\/\/ciudadtrujillo.com\/index.php?rest_route=\/wp\/v2\/posts\/48322\/revisions"}],"predecessor-version":[{"id":48324,"href":"https:\/\/ciudadtrujillo.com\/index.php?rest_route=\/wp\/v2\/posts\/48322\/revisions\/48324"}],"wp:featuredmedia":[{"embeddable":true,"href":"https:\/\/ciudadtrujillo.com\/index.php?rest_route=\/wp\/v2\/media\/48323"}],"wp:attachment":[{"href":"https:\/\/ciudadtrujillo.com\/index.php?rest_route=%2Fwp%2Fv2%2Fmedia&parent=48322"}],"wp:term":[{"taxonomy":"category","embeddable":true,"href":"https:\/\/ciudadtrujillo.com\/index.php?rest_route=%2Fwp%2Fv2%2Fcategories&post=48322"},{"taxonomy":"post_tag","embeddable":true,"href":"https:\/\/ciudadtrujillo.com\/index.php?rest_route=%2Fwp%2Fv2%2Ftags&post=48322"}],"curies":[{"name":"wp","href":"https:\/\/api.w.org\/{rel}","templated":true}]}}