{"id":48316,"date":"2025-10-16T20:17:03","date_gmt":"2025-10-17T00:17:03","guid":{"rendered":"https:\/\/ciudadtrujillo.com\/?p=48316"},"modified":"2025-10-16T20:58:32","modified_gmt":"2025-10-17T00:58:32","slug":"san-jose-gregorio-hernandez-hombre-de-virtudes-nacido-en-isnotu","status":"publish","type":"post","link":"https:\/\/ciudadtrujillo.com\/?p=48316","title":{"rendered":"San Jos\u00e9 Gregorio Hern\u00e1ndez: hombre de virtudes nacido en Isnot\u00fa"},"content":{"rendered":"<p>San Jos\u00e9 Gregorio Hern\u00e1ndez, hijo de Isnot\u00fa, el terru\u00f1o que lo vi\u00f3 nacer y que lo llev\u00f3 a ser el galeno m\u00e1s reconocido de toda su historia es el primer santo trujillano, quien con la sabidur\u00eda edific\u00f3 su faceta profesional y con la fe el servicio que hoy, tras d\u00e9cadas, lo exaltan a los altares despu\u00e9s de comprobarse sus virtudes heroicas como m\u00e9dico cristiano.<\/p>\n<p>El santo venezolano hizo de su vida una virtud firme de hacer el bien mediante sus acciones concretas, siendo un hombre de fe s\u00f3lida y comprometida, dedicado a unir su voluntad a la de Dios, asimismo prest\u00f3 \u00abla obediencia de la fe\u00bb, entregando su vida entera y libremente a Dios.<\/p>\n<p>Fue llamado \u00abM\u00e9dico de los Pobres\u00bb por su servicio sin distinci\u00f3n, siendo el b\u00e1lsamo de esperanza para cada enfermo carente de recursos econ\u00f3micos que \u00e9l atend\u00eda, esta caridad fue ascendiendo con el pasar de los a\u00f1os. El santo atend\u00eda diligentemente a todos sus pacientes y con gran esmero a los que \u00e9l mismo llamar\u00eda despu\u00e9s \u00abmis pobres\u00bb, escribi\u00f3 el Pbro. Jos\u00e9 Magdaleno \u00c1lvarez en su libro 100 Preguntas y Respuestas de San Jos\u00e9 Gregorio Hern\u00e1ndez Cisneros.<\/p>\n<p>El galeno reflej\u00f3 la virtud de la esperanza con su af\u00e1n en las pr\u00e1cticas religiosas, recordando que esta bondad es \u00abpor la que aspiramos al Reino de los cielos y a la vida eterna como felicidad nuestra\u00bb, en este sentido este santo fue practicante fiel por lo que asist\u00eda a misa diaria en \u00abla Iglesia parroquial de La Pastora, tambi\u00e9n concurr\u00eda al templo llamado Santa Capilla donde hac\u00eda una hora diaria de oraci\u00f3n ante el Sant\u00edsimo Sacramento\u00bb.<\/p>\n<p>El paisano trujillano cumpli\u00f3 con la caridad como virtud al \u201camar a Dios sobre todas las cosas y al pr\u00f3jimo como a nosotros mismos\u201d, manifest\u00e1ndolo en la vivencia de su vocaci\u00f3n junto a su servicio hacia al pr\u00f3jimo que hasta el d\u00eda de hoy se ha tallado como ejemplo imborrable ante el mundo.<\/p>\n<p>Esta \u00faltima virtud teol\u00f3gica inspira a las dem\u00e1s, siendo fuente de la pr\u00e1ctica cristiana que tom\u00f3 Jos\u00e9 Gregorio Hern\u00e1ndez como farol para escribir su vida en honor de los m\u00e1s necesitados.<\/p>\n<p>Actualmente escribir sobre este santo es plasmar la gracia de Dios reflejada en el testimonio humano de un hombre que vestido en ocasiones de traje, sombrero y corbata de color negro y en otras oportunidades con su bata e implementos m\u00e9dicos, supo convertir su vida en santidad.<\/p>\n<p>&nbsp;<\/p>\n<h6>Rossiel Hurtado<\/h6>\n<p>&nbsp;<\/p>\n","protected":false},"excerpt":{"rendered":"<p>San Jos\u00e9 Gregorio Hern\u00e1ndez, hijo de Isnot\u00fa, el terru\u00f1o que lo vi\u00f3 nacer y que lo llev\u00f3 a ser el galeno m\u00e1s reconocido de toda su historia es el primer&hellip; <\/p>\n","protected":false},"author":7,"featured_media":48317,"comment_status":"closed","ping_status":"closed","sticky":false,"template":"","format":"standard","meta":{"footnotes":""},"categories":[47],"tags":[],"class_list":["post-48316","post","type-post","status-publish","format-standard","has-post-thumbnail","hentry","category-especial"],"_links":{"self":[{"href":"https:\/\/ciudadtrujillo.com\/index.php?rest_route=\/wp\/v2\/posts\/48316","targetHints":{"allow":["GET"]}}],"collection":[{"href":"https:\/\/ciudadtrujillo.com\/index.php?rest_route=\/wp\/v2\/posts"}],"about":[{"href":"https:\/\/ciudadtrujillo.com\/index.php?rest_route=\/wp\/v2\/types\/post"}],"author":[{"embeddable":true,"href":"https:\/\/ciudadtrujillo.com\/index.php?rest_route=\/wp\/v2\/users\/7"}],"replies":[{"embeddable":true,"href":"https:\/\/ciudadtrujillo.com\/index.php?rest_route=%2Fwp%2Fv2%2Fcomments&post=48316"}],"version-history":[{"count":3,"href":"https:\/\/ciudadtrujillo.com\/index.php?rest_route=\/wp\/v2\/posts\/48316\/revisions"}],"predecessor-version":[{"id":48329,"href":"https:\/\/ciudadtrujillo.com\/index.php?rest_route=\/wp\/v2\/posts\/48316\/revisions\/48329"}],"wp:featuredmedia":[{"embeddable":true,"href":"https:\/\/ciudadtrujillo.com\/index.php?rest_route=\/wp\/v2\/media\/48317"}],"wp:attachment":[{"href":"https:\/\/ciudadtrujillo.com\/index.php?rest_route=%2Fwp%2Fv2%2Fmedia&parent=48316"}],"wp:term":[{"taxonomy":"category","embeddable":true,"href":"https:\/\/ciudadtrujillo.com\/index.php?rest_route=%2Fwp%2Fv2%2Fcategories&post=48316"},{"taxonomy":"post_tag","embeddable":true,"href":"https:\/\/ciudadtrujillo.com\/index.php?rest_route=%2Fwp%2Fv2%2Ftags&post=48316"}],"curies":[{"name":"wp","href":"https:\/\/api.w.org\/{rel}","templated":true}]}}