{"id":48313,"date":"2025-10-16T20:08:56","date_gmt":"2025-10-17T00:08:56","guid":{"rendered":"https:\/\/ciudadtrujillo.com\/?p=48313"},"modified":"2025-10-16T20:08:56","modified_gmt":"2025-10-17T00:08:56","slug":"estado-venezolano-agradece-apoyo-de-paises-no-alineados-ante-ataques-de-ee-uu","status":"publish","type":"post","link":"https:\/\/ciudadtrujillo.com\/?p=48313","title":{"rendered":"Estado venezolano agradece apoyo de Pa\u00edses No Alineados ante ataques de EE. UU."},"content":{"rendered":"<p>El canciller Yv\u00e1n Gil, en nombre del presidente de la Rep\u00fablica, Nicol\u00e1s Maduro, agradeci\u00f3 el apoyo de los pa\u00edses no alineados al territorio venezolano, tras las amenazas, ataques y asechanzas de Estados Unidos en contra del pa\u00eds.<\/p>\n<p>\u201c121 pa\u00edses miembros del Movimiento de Pa\u00edses No Alineados (MNOAL) han expresado su preocupaci\u00f3n, han expresado su voz en favor de la soberan\u00eda, de la independencia, en contra de la guerra, en contra de las amenazas contra Venezuela\u201d, indic\u00f3 Gil, al concluir la 19\u00aa Conferencia Ministerial del MNOAL efectuada en Kampala, Rep\u00fablica de Uganda, donde adem\u00e1s reafirmaron el derecho fundamental a la no injerencia.<\/p>\n<h3>Declaraci\u00f3n final<\/h3>\n<p>\u201cHemos recibido con gratitud la declaraci\u00f3n final que rechaz\u00f3 cualquier amenaza contra la soberan\u00eda e integridad territorial de Venezuela, y reafirm\u00f3 el derecho fundamental a la no injerencia\u201d, precis\u00f3 el ministro del Poder Popular para Relaciones Exteriores.<\/p>\n<p>Asimismo, detall\u00f3 a trav\u00e9s de su canal de Telegram que esta conferencia es un ejemplo sobresaliente de unidad entre pa\u00edses del Sur Global y de la \u201cdefensa firme de la Carta de Naciones Unidas\u201d, que adem\u00e1s permiti\u00f3 avanzar en las diversas agendas bilaterales.<\/p>\n<p>\u201cEste equipo, el equipo del presidente Nicol\u00e1s Maduro, hemos tenido reuniones de diversos tipos con los pa\u00edses. Reuniones bilaterales con India, Sud\u00e1frica, Uganda misma. Todo un equipo de trabajo, todo un movimiento de pa\u00edses, los pa\u00edses del sur global, defendiendo los principios de la Carta de Naciones Unidas, defendiendo la libertad y la soberan\u00eda\u201d, concluy\u00f3.<\/p>\n<p>&nbsp;<\/p>\n<h6>VTV<\/h6>\n","protected":false},"excerpt":{"rendered":"<p>El canciller Yv\u00e1n Gil, en nombre del presidente de la Rep\u00fablica, Nicol\u00e1s Maduro, agradeci\u00f3 el apoyo de los pa\u00edses no alineados al territorio venezolano, tras las amenazas, ataques y asechanzas&hellip; <\/p>\n","protected":false},"author":7,"featured_media":48314,"comment_status":"closed","ping_status":"closed","sticky":false,"template":"","format":"standard","meta":{"footnotes":""},"categories":[42],"tags":[],"class_list":["post-48313","post","type-post","status-publish","format-standard","has-post-thumbnail","hentry","category-mundo"],"_links":{"self":[{"href":"https:\/\/ciudadtrujillo.com\/index.php?rest_route=\/wp\/v2\/posts\/48313","targetHints":{"allow":["GET"]}}],"collection":[{"href":"https:\/\/ciudadtrujillo.com\/index.php?rest_route=\/wp\/v2\/posts"}],"about":[{"href":"https:\/\/ciudadtrujillo.com\/index.php?rest_route=\/wp\/v2\/types\/post"}],"author":[{"embeddable":true,"href":"https:\/\/ciudadtrujillo.com\/index.php?rest_route=\/wp\/v2\/users\/7"}],"replies":[{"embeddable":true,"href":"https:\/\/ciudadtrujillo.com\/index.php?rest_route=%2Fwp%2Fv2%2Fcomments&post=48313"}],"version-history":[{"count":1,"href":"https:\/\/ciudadtrujillo.com\/index.php?rest_route=\/wp\/v2\/posts\/48313\/revisions"}],"predecessor-version":[{"id":48315,"href":"https:\/\/ciudadtrujillo.com\/index.php?rest_route=\/wp\/v2\/posts\/48313\/revisions\/48315"}],"wp:featuredmedia":[{"embeddable":true,"href":"https:\/\/ciudadtrujillo.com\/index.php?rest_route=\/wp\/v2\/media\/48314"}],"wp:attachment":[{"href":"https:\/\/ciudadtrujillo.com\/index.php?rest_route=%2Fwp%2Fv2%2Fmedia&parent=48313"}],"wp:term":[{"taxonomy":"category","embeddable":true,"href":"https:\/\/ciudadtrujillo.com\/index.php?rest_route=%2Fwp%2Fv2%2Fcategories&post=48313"},{"taxonomy":"post_tag","embeddable":true,"href":"https:\/\/ciudadtrujillo.com\/index.php?rest_route=%2Fwp%2Fv2%2Ftags&post=48313"}],"curies":[{"name":"wp","href":"https:\/\/api.w.org\/{rel}","templated":true}]}}