{"id":47091,"date":"2025-09-01T22:16:51","date_gmt":"2025-09-02T02:16:51","guid":{"rendered":"https:\/\/ciudadtrujillo.com\/?p=47091"},"modified":"2025-09-01T22:21:01","modified_gmt":"2025-09-02T02:21:01","slug":"evaluan-acondicionamiento-de-espacios-para-comerciantes-en-tierra-de-jgh","status":"publish","type":"post","link":"https:\/\/ciudadtrujillo.com\/?p=47091","title":{"rendered":"Eval\u00faan acondicionamiento de espacios para comerciantes en tierra de JGH"},"content":{"rendered":"<p style=\"text-align: justify;\">Tras la visita del ministro de Comercio Nacional, Luis Villegas, el pasado fin de semana a la poblaci\u00f3n de Isnot\u00fa, en la cual se adquirieron importantes compromisos de cara a la canonizaci\u00f3n del Dr. Jos\u00e9 Gregorio Hern\u00e1ndez, este lunes estuvo en la localidad una comisi\u00f3n liderada por el viceministro de Seguimiento y Control del Comercio y la Distribuci\u00f3n, Hendrick Perdomo, para inspeccionar los espacios que est\u00e1n y estar\u00e1n siendo adecuados para recibir a los feligreses.<\/p>\n<p style=\"text-align: justify;\">Al respecto, el secretario general de gobierno, GD. Julio Y\u00e9pez Castro, asegur\u00f3 que est\u00e1 visita responde a las directrices del Presidente Nicol\u00e1s Maduro, en aras de atender integralmente la cuna del primer santo venezolano.<\/p>\n<p style=\"text-align: justify;\">\u00abHoy hemos estado viendo con el Ministerio de Comercio a trav\u00e9s del viceministro Perdomo, todo lo que es la adecuaci\u00f3n de lugares para los peque\u00f1os comerciantes y los emprendedores que est\u00e1n aqu\u00ed, para garantizar a los feligreses las facilidades para que puedan obtener los insumos que sean necesarios durante su visita\u00bb, explic\u00f3.<\/p>\n<p style=\"text-align: justify;\">Asimismo, asegur\u00f3 que se evalu\u00f3 el fortalecimiento del servicio el\u00e9ctrico y lo relacionado con la adecuaci\u00f3n de sanitarios p\u00fablicos. Tambi\u00e9n visitaron las instituciones educativas de la localidad para precisar los trabajos y mejoras que deban hacerse en la infraestructura.<\/p>\n<p style=\"text-align: justify;\">En el recorrido estuvieron presentes el secretario de despacho del gobernador, Cap. Seijas Adri\u00e1n, y el secretario de infraestructura, Ing. Henry Gonz\u00e1lez, acompa\u00f1ados por autoridades nacionales.<\/p>\n","protected":false},"excerpt":{"rendered":"<p>Tras la visita del ministro de Comercio Nacional, Luis Villegas, el pasado fin de semana a la poblaci\u00f3n de Isnot\u00fa, en la cual se adquirieron importantes compromisos de cara a&hellip; <\/p>\n","protected":false},"author":7,"featured_media":47096,"comment_status":"closed","ping_status":"closed","sticky":false,"template":"","format":"standard","meta":{"footnotes":""},"categories":[40],"tags":[],"class_list":["post-47091","post","type-post","status-publish","format-standard","has-post-thumbnail","hentry","category-grantrujillo"],"_links":{"self":[{"href":"https:\/\/ciudadtrujillo.com\/index.php?rest_route=\/wp\/v2\/posts\/47091","targetHints":{"allow":["GET"]}}],"collection":[{"href":"https:\/\/ciudadtrujillo.com\/index.php?rest_route=\/wp\/v2\/posts"}],"about":[{"href":"https:\/\/ciudadtrujillo.com\/index.php?rest_route=\/wp\/v2\/types\/post"}],"author":[{"embeddable":true,"href":"https:\/\/ciudadtrujillo.com\/index.php?rest_route=\/wp\/v2\/users\/7"}],"replies":[{"embeddable":true,"href":"https:\/\/ciudadtrujillo.com\/index.php?rest_route=%2Fwp%2Fv2%2Fcomments&post=47091"}],"version-history":[{"count":1,"href":"https:\/\/ciudadtrujillo.com\/index.php?rest_route=\/wp\/v2\/posts\/47091\/revisions"}],"predecessor-version":[{"id":47093,"href":"https:\/\/ciudadtrujillo.com\/index.php?rest_route=\/wp\/v2\/posts\/47091\/revisions\/47093"}],"wp:featuredmedia":[{"embeddable":true,"href":"https:\/\/ciudadtrujillo.com\/index.php?rest_route=\/wp\/v2\/media\/47096"}],"wp:attachment":[{"href":"https:\/\/ciudadtrujillo.com\/index.php?rest_route=%2Fwp%2Fv2%2Fmedia&parent=47091"}],"wp:term":[{"taxonomy":"category","embeddable":true,"href":"https:\/\/ciudadtrujillo.com\/index.php?rest_route=%2Fwp%2Fv2%2Fcategories&post=47091"},{"taxonomy":"post_tag","embeddable":true,"href":"https:\/\/ciudadtrujillo.com\/index.php?rest_route=%2Fwp%2Fv2%2Ftags&post=47091"}],"curies":[{"name":"wp","href":"https:\/\/api.w.org\/{rel}","templated":true}]}}