{"id":47080,"date":"2025-09-01T19:57:51","date_gmt":"2025-09-01T23:57:51","guid":{"rendered":"https:\/\/ciudadtrujillo.com\/?p=47080"},"modified":"2025-09-01T19:57:51","modified_gmt":"2025-09-01T23:57:51","slug":"cancilleres-de-la-celac-ratifican-compromiso-contra-la-injerencia-extranjera","status":"publish","type":"post","link":"https:\/\/ciudadtrujillo.com\/?p=47080","title":{"rendered":"Cancilleres de la Celac ratifican compromiso contra la injerencia extranjera"},"content":{"rendered":"<p style=\"text-align: justify;\">Los cancilleres de la Comunidad de Estados Latinoamericanos y Caribe\u00f1os (Celac) en reuni\u00f3n extraordinaria de este 1 de septiembre, abogaron por el principio de la no injerencia en los asuntos internos de las naciones y al no intervencionismo militar.<\/p>\n<p style=\"text-align: justify;\">En ese sentido, la canciller de Colombia y presidenta pro t\u00e9mpore del organismo, Rosa Villavicencio, afirm\u00f3 que estos principios de respeto no son optativos, por contrario, \u00abson la columna vertebral del orden internacional y deben respetarse de manera rigurosa\u00bb.<\/p>\n<p style=\"text-align: justify;\">\u00abReconocemos que la presencia de buques de guerra en altamar, se ampara en libertades de navegaci\u00f3n del derecho del mar, pero recordamos tambi\u00e9n que toda actividad militar debe conducirse sin caer en amenazas, ni actos de fuerza y en segundo lugar que el umbral entre presencia y coerci\u00f3n, puede cruzarse con facilidad cuando existe ret\u00f3rica beligerante\u00bb, agreg\u00f3.<\/p>\n<p style=\"text-align: justify;\">Ratific\u00f3 que Colombia reafirma, como lo ha se\u00f1alado el presidente Gustavo Petro, que ning\u00fan gobierno latinoamericano que se respete, debe solicitar, ni celebrar una invasi\u00f3n extranjera, puesto que los problemas de los latinoamericanos y caribe\u00f1os, lo resuelven ellos mismos. Adem\u00e1s, indic\u00f3 que toda acci\u00f3n armada sin autorizaci\u00f3n de los Estados involucrados, constituir\u00edan una agresi\u00f3n contra Am\u00e9rica.<\/p>\n<p style=\"text-align: justify;\">Igualmente, propuso que la Celac se pronuncie en rechazo al despliegue militar y a cualquier eventualidad de intervenci\u00f3n en un pa\u00eds miembro de dicho organismo, por ser contraria a la Carta de las Naciones Unidas. Asimismo, propuso reafirmar los principios de soberan\u00eda, integridad territorial, la no injerencia y el arreglo pac\u00edfico de las controversias.<\/p>\n<h3 style=\"text-align: justify;\">Nicaragua<\/h3>\n<p style=\"text-align: justify;\">Representantes de la Rep\u00fablica de Nicaragua, se pronunciaron sobre un tema tan relevante como \u00ablo que sucede actualmente en nuestra regi\u00f3n, porque son principios que no son optativos, el respeto a la soberan\u00eda de los Estados, el respeto a la igualdad soberana, la no injerencia en los asuntos internos, es fundamental.<\/p>\n<p style=\"text-align: justify;\">Igualmente, rechazaron cualquier amenaza del uso de la fuerza en la regi\u00f3n que ponga en riesgo la paz. Consideraron que el crimen organizado no se enfrenta con amenazas.<\/p>\n<p style=\"text-align: justify;\">\u00abNo podemos permitir que se desestabilice nuestra regi\u00f3n, hoy es un pa\u00eds, pero ma\u00f1ana pueden ser otros pa\u00edses y es por ello que debemos tener unidad en esta comunidad, porque somos una zona de paz\u00bb, agregaron.<\/p>\n<h3 style=\"text-align: justify;\">Cuba<\/h3>\n<p style=\"text-align: justify;\">La Rep\u00fablica de Cuba, por su parte, indicaron que el mensaje m\u00e1s coherente que se puede enviar a quienes pretenden subordinarnos por la fuerza, es la firma convicci\u00f3n de que estamos y estaremos m\u00e1s unidos que nunca. Cuba rechaza de manera en\u00e9rgica el actual despliegue militar del gobierno de los Estados Unidos en el sur del Mar Caribe, que se disfrazan como operaciones \u00abantidrogas\u00bb.<\/p>\n<p style=\"text-align: justify;\">\n<h6>VTV<\/h6>\n","protected":false},"excerpt":{"rendered":"<p>Los cancilleres de la Comunidad de Estados Latinoamericanos y Caribe\u00f1os (Celac) en reuni\u00f3n extraordinaria de este 1 de septiembre, abogaron por el principio de la no injerencia en los asuntos&hellip; <\/p>\n","protected":false},"author":7,"featured_media":47081,"comment_status":"closed","ping_status":"closed","sticky":false,"template":"","format":"standard","meta":{"footnotes":""},"categories":[42],"tags":[],"class_list":["post-47080","post","type-post","status-publish","format-standard","has-post-thumbnail","hentry","category-mundo"],"_links":{"self":[{"href":"https:\/\/ciudadtrujillo.com\/index.php?rest_route=\/wp\/v2\/posts\/47080","targetHints":{"allow":["GET"]}}],"collection":[{"href":"https:\/\/ciudadtrujillo.com\/index.php?rest_route=\/wp\/v2\/posts"}],"about":[{"href":"https:\/\/ciudadtrujillo.com\/index.php?rest_route=\/wp\/v2\/types\/post"}],"author":[{"embeddable":true,"href":"https:\/\/ciudadtrujillo.com\/index.php?rest_route=\/wp\/v2\/users\/7"}],"replies":[{"embeddable":true,"href":"https:\/\/ciudadtrujillo.com\/index.php?rest_route=%2Fwp%2Fv2%2Fcomments&post=47080"}],"version-history":[{"count":1,"href":"https:\/\/ciudadtrujillo.com\/index.php?rest_route=\/wp\/v2\/posts\/47080\/revisions"}],"predecessor-version":[{"id":47082,"href":"https:\/\/ciudadtrujillo.com\/index.php?rest_route=\/wp\/v2\/posts\/47080\/revisions\/47082"}],"wp:featuredmedia":[{"embeddable":true,"href":"https:\/\/ciudadtrujillo.com\/index.php?rest_route=\/wp\/v2\/media\/47081"}],"wp:attachment":[{"href":"https:\/\/ciudadtrujillo.com\/index.php?rest_route=%2Fwp%2Fv2%2Fmedia&parent=47080"}],"wp:term":[{"taxonomy":"category","embeddable":true,"href":"https:\/\/ciudadtrujillo.com\/index.php?rest_route=%2Fwp%2Fv2%2Fcategories&post=47080"},{"taxonomy":"post_tag","embeddable":true,"href":"https:\/\/ciudadtrujillo.com\/index.php?rest_route=%2Fwp%2Fv2%2Ftags&post=47080"}],"curies":[{"name":"wp","href":"https:\/\/api.w.org\/{rel}","templated":true}]}}