{"id":47077,"date":"2025-09-01T19:53:06","date_gmt":"2025-09-01T23:53:06","guid":{"rendered":"https:\/\/ciudadtrujillo.com\/?p=47077"},"modified":"2025-09-01T19:53:06","modified_gmt":"2025-09-01T23:53:06","slug":"venezuela-alcanza-el-tercer-lugar-en-campeonato-panamericano-de-karate-do","status":"publish","type":"post","link":"https:\/\/ciudadtrujillo.com\/?p=47077","title":{"rendered":"Venezuela alcanza el tercer lugar en Campeonato Panamericano de Karate-Do"},"content":{"rendered":"<p style=\"text-align: justify;\">La selecci\u00f3n de karate de Venezuela logr\u00f3 una destacada actuaci\u00f3n en el Campeonato Panamericano de Karate-Do en Asunci\u00f3n, Paraguay, al conseguir el tercer puesto en la clasificaci\u00f3n general. La delegaci\u00f3n venezolana, que compiti\u00f3 en las categor\u00edas cadete, junior, sub-12 y sub-14, cosech\u00f3 un total de 25 medallas: cinco de oro, seis de plata y 14 de bronce.<\/p>\n<h3 style=\"text-align: justify;\">\u200bMedallas de oro y destacadas actuaciones<\/h3>\n<p style=\"text-align: justify;\">\n\u200bLos atletas venezolanos se llevaron los honores en cinco categor\u00edas, y demostraron su dominio en el kumite (combate), entre ellos:<\/p>\n<p style=\"text-align: justify;\">\u200bIsabella Guti\u00e9rrez (+61 kg) y Luis Ruz (-70 kg), quienes se coronaron campeones en la categor\u00eda cadete.<br \/>\n\u200bRom\u00e1n Guain\u00e1 (-55 kg) se consagr\u00f3 en la categor\u00eda junior.<br \/>\n\u200bEn la categor\u00eda sub-12, Andr\u00e9s Pacheco (-45 kg) y Emilio Montana (-55 kg) tambi\u00e9n alcanzaron el puesto m\u00e1s alto del podio.<br \/>\n\u200bPlatas y bronces para el equipo nacional<br \/>\n\u200bEn la modalidad de kata (formas), Andrea Moros y Enzo Quintana se colgaron la medalla de plata en la categor\u00eda cadete. En el kumite, los venezolanos sumaron importantes preseas:<\/p>\n<p style=\"text-align: justify;\">\u200bPlata: Osffell Tesorero (-76 kg), Danna Puerta (-37 kg), Mat\u00edas S\u00e1nchez (-50 kg) y Diego Rolo (+55 kg).<br \/>\n\u200bBronce: Sof\u00eda Rivero (-61 kg), Aar\u00f3n Gasc\u00f3n (-63 kg), Jos\u00e9 Colmenares (+70 kg), Katherine Toro (-48 kg), Javierlys Hern\u00e1ndez (-59 kg), Sebasti\u00e1n M\u00e1rquez (-68 kg), Miranda Rivas (-42 kg), Armando Herrera (-35 kg), Derek Marquina (-45 kg) y \u00c1ngel Yajure (-55 kg).<br \/>\n\u200bAdem\u00e1s, en el kata por equipo, las duplas femenina y masculina sumaron doble presea de bronce, y consolidaron la gran actuaci\u00f3n de Venezuela en el torneo.<\/p>\n<p style=\"text-align: justify;\">\u200bCon esta cosecha, la delegaci\u00f3n criolla se confirma como una de las m\u00e1s competitivas del continente en las categor\u00edas juveniles, gracias al constante trabajo en la formaci\u00f3n y desarrollo de nuevas generaciones de karatecas.<\/p>\n","protected":false},"excerpt":{"rendered":"<p>La selecci\u00f3n de karate de Venezuela logr\u00f3 una destacada actuaci\u00f3n en el Campeonato Panamericano de Karate-Do en Asunci\u00f3n, Paraguay, al conseguir el tercer puesto en la clasificaci\u00f3n general. La delegaci\u00f3n&hellip; <\/p>\n","protected":false},"author":7,"featured_media":47078,"comment_status":"closed","ping_status":"closed","sticky":false,"template":"","format":"standard","meta":{"footnotes":""},"categories":[44],"tags":[],"class_list":["post-47077","post","type-post","status-publish","format-standard","has-post-thumbnail","hentry","category-deportes"],"_links":{"self":[{"href":"https:\/\/ciudadtrujillo.com\/index.php?rest_route=\/wp\/v2\/posts\/47077","targetHints":{"allow":["GET"]}}],"collection":[{"href":"https:\/\/ciudadtrujillo.com\/index.php?rest_route=\/wp\/v2\/posts"}],"about":[{"href":"https:\/\/ciudadtrujillo.com\/index.php?rest_route=\/wp\/v2\/types\/post"}],"author":[{"embeddable":true,"href":"https:\/\/ciudadtrujillo.com\/index.php?rest_route=\/wp\/v2\/users\/7"}],"replies":[{"embeddable":true,"href":"https:\/\/ciudadtrujillo.com\/index.php?rest_route=%2Fwp%2Fv2%2Fcomments&post=47077"}],"version-history":[{"count":1,"href":"https:\/\/ciudadtrujillo.com\/index.php?rest_route=\/wp\/v2\/posts\/47077\/revisions"}],"predecessor-version":[{"id":47079,"href":"https:\/\/ciudadtrujillo.com\/index.php?rest_route=\/wp\/v2\/posts\/47077\/revisions\/47079"}],"wp:featuredmedia":[{"embeddable":true,"href":"https:\/\/ciudadtrujillo.com\/index.php?rest_route=\/wp\/v2\/media\/47078"}],"wp:attachment":[{"href":"https:\/\/ciudadtrujillo.com\/index.php?rest_route=%2Fwp%2Fv2%2Fmedia&parent=47077"}],"wp:term":[{"taxonomy":"category","embeddable":true,"href":"https:\/\/ciudadtrujillo.com\/index.php?rest_route=%2Fwp%2Fv2%2Fcategories&post=47077"},{"taxonomy":"post_tag","embeddable":true,"href":"https:\/\/ciudadtrujillo.com\/index.php?rest_route=%2Fwp%2Fv2%2Ftags&post=47077"}],"curies":[{"name":"wp","href":"https:\/\/api.w.org\/{rel}","templated":true}]}}