{"id":47074,"date":"2025-09-01T19:49:39","date_gmt":"2025-09-01T23:49:39","guid":{"rendered":"https:\/\/ciudadtrujillo.com\/?p=47074"},"modified":"2025-09-01T19:49:39","modified_gmt":"2025-09-01T23:49:39","slug":"fallece-baluarte-de-la-cultura-neoespartana-jose-elias-chelias-villarroel","status":"publish","type":"post","link":"https:\/\/ciudadtrujillo.com\/?p=47074","title":{"rendered":"Fallece baluarte de la cultura neoespartana Jos\u00e9 El\u00edas \u201cChel\u00edas\u201d Villarroel"},"content":{"rendered":"<p style=\"text-align: justify;\">La isla de Margarita y toda Venezuela lloran esta semana la partida de uno de sus baluartes culturales. El maestro Jos\u00e9 El\u00edas \u201cChel\u00edas\u201d Villarroel, Premio Nacional de Cultura, falleci\u00f3 a la edad de 101 a\u00f1os, inform\u00f3 el ministro del Poder Popular para la Cultura, Ernesto Villegas.<\/p>\n<p style=\"text-align: justify;\">A trav\u00e9s de un mensaje en su canal Telegram, Villegas manifest\u00f3 que \u201cChel\u00edas\u201d Villarroel dej\u00f3 una huella imborrable en el patrimonio musical de la isla y de la Patria toda.<\/p>\n<p style=\"text-align: justify;\">\u201cEn nombre del presidente de la Rep\u00fablica Bolivariana de Venezuela, Nicol\u00e1s Maduro, y del gobierno y el pueblo de Venezuela extiendo sinceras condolencias a familiares, seres queridos y a todo el pueblo neoespartano. \u00a1Viva por siempre Chel\u00edas!\u201d, expres\u00f3.<\/p>\n<p style=\"text-align: justify;\">Jos\u00e9 El\u00edas \u201cChel\u00edas\u201d Villarroel, naci\u00f3 el 16 de febrero de 1924 en Los Millanes, Isla de Margarita, fue una figura entra\u00f1able de la cultura venezolana, con un legado especialmente profundo en el estado Nueva Esparta.<\/p>\n<p style=\"text-align: justify;\">Su vida fue un testimonio de pasi\u00f3n y dedicaci\u00f3n a las artes. Comenz\u00f3 su andadura en oficios como pescador, zapatero y agricultor, pero su innata vocaci\u00f3n por la cultura lo impuls\u00f3 a convertirse en un destacado poeta y m\u00fasico autodidacta.<\/p>\n<p>&nbsp;<\/p>\n<h6>VTV<\/h6>\n","protected":false},"excerpt":{"rendered":"<p>La isla de Margarita y toda Venezuela lloran esta semana la partida de uno de sus baluartes culturales. El maestro Jos\u00e9 El\u00edas \u201cChel\u00edas\u201d Villarroel, Premio Nacional de Cultura, falleci\u00f3 a&hellip; <\/p>\n","protected":false},"author":7,"featured_media":47075,"comment_status":"closed","ping_status":"closed","sticky":false,"template":"","format":"standard","meta":{"footnotes":""},"categories":[46],"tags":[],"class_list":["post-47074","post","type-post","status-publish","format-standard","has-post-thumbnail","hentry","category-cultura"],"_links":{"self":[{"href":"https:\/\/ciudadtrujillo.com\/index.php?rest_route=\/wp\/v2\/posts\/47074","targetHints":{"allow":["GET"]}}],"collection":[{"href":"https:\/\/ciudadtrujillo.com\/index.php?rest_route=\/wp\/v2\/posts"}],"about":[{"href":"https:\/\/ciudadtrujillo.com\/index.php?rest_route=\/wp\/v2\/types\/post"}],"author":[{"embeddable":true,"href":"https:\/\/ciudadtrujillo.com\/index.php?rest_route=\/wp\/v2\/users\/7"}],"replies":[{"embeddable":true,"href":"https:\/\/ciudadtrujillo.com\/index.php?rest_route=%2Fwp%2Fv2%2Fcomments&post=47074"}],"version-history":[{"count":1,"href":"https:\/\/ciudadtrujillo.com\/index.php?rest_route=\/wp\/v2\/posts\/47074\/revisions"}],"predecessor-version":[{"id":47076,"href":"https:\/\/ciudadtrujillo.com\/index.php?rest_route=\/wp\/v2\/posts\/47074\/revisions\/47076"}],"wp:featuredmedia":[{"embeddable":true,"href":"https:\/\/ciudadtrujillo.com\/index.php?rest_route=\/wp\/v2\/media\/47075"}],"wp:attachment":[{"href":"https:\/\/ciudadtrujillo.com\/index.php?rest_route=%2Fwp%2Fv2%2Fmedia&parent=47074"}],"wp:term":[{"taxonomy":"category","embeddable":true,"href":"https:\/\/ciudadtrujillo.com\/index.php?rest_route=%2Fwp%2Fv2%2Fcategories&post=47074"},{"taxonomy":"post_tag","embeddable":true,"href":"https:\/\/ciudadtrujillo.com\/index.php?rest_route=%2Fwp%2Fv2%2Ftags&post=47074"}],"curies":[{"name":"wp","href":"https:\/\/api.w.org\/{rel}","templated":true}]}}