{"id":47052,"date":"2025-08-31T21:21:06","date_gmt":"2025-09-01T01:21:06","guid":{"rendered":"https:\/\/ciudadtrujillo.com\/?p=47052"},"modified":"2025-08-31T21:21:06","modified_gmt":"2025-09-01T01:21:06","slug":"venezuela-exalta-sus-raices-en-el-dia-internacional-de-los-afrodescendientes","status":"publish","type":"post","link":"https:\/\/ciudadtrujillo.com\/?p=47052","title":{"rendered":"Venezuela exalta sus ra\u00edces en el D\u00eda Internacional de los Afrodescendientes"},"content":{"rendered":"<p style=\"text-align: justify;\">El presidente de la Rep\u00fablica Bolivariana de Venezuela, Nicol\u00e1s Maduro, conmemor\u00f3 el D\u00eda Internacional de los Afrodescendientes. La Organizaci\u00f3n de las Naciones Unidas (ONU) proclam\u00f3 esta fecha en 2020 para promover y proteger los derechos humanos de los afrodescendientes, fomentar la conciencia sobre su lucha contra el racismo y la discriminaci\u00f3n, as\u00ed como reconocer su identidad y cultura.<\/p>\n<p style=\"text-align: justify;\">\u201cHonramos la herencia rebelde que nos dejaron nuestros ancestros africanos, en este D\u00eda Internacional de las y los Afrodescendientes. Exaltamos nuestras ra\u00edces y abrazamos a los movimientos sociales que luchan por el reconocimiento y la reivindicaci\u00f3n de las distintas expresiones culturales que conforman la identidad afrovenezolana\u201d, expres\u00f3 el jefe de Estado a trav\u00e9s de un mensaje en su canal Telegram.<\/p>\n<p style=\"text-align: justify;\">Adem\u00e1s, indic\u00f3 que \u201ccomo presidente Cimarr\u00f3n, ratifico la lucha de la Revoluci\u00f3n Bolivariana contra el racismo, la discriminaci\u00f3n y la desigualdad. Nos sentimos orgullosos de nuestra ascendencia africana y elevamos la voz contra toda forma de exclusi\u00f3n. Seguiremos construyendo una patria de justicia social, donde se respete la dignidad de todas y todos\u201d.<\/p>\n<p style=\"text-align: justify;\">Vale mencionar que el D\u00eda Internacional de los Afrodescendientes es una oportunidad para reconocer la identidad propia de estas comunidades y su valiosa contribuci\u00f3n a la diversidad cultural.<\/p>\n<p>&nbsp;<\/p>\n<h6>VTV<\/h6>\n","protected":false},"excerpt":{"rendered":"<p>El presidente de la Rep\u00fablica Bolivariana de Venezuela, Nicol\u00e1s Maduro, conmemor\u00f3 el D\u00eda Internacional de los Afrodescendientes. La Organizaci\u00f3n de las Naciones Unidas (ONU) proclam\u00f3 esta fecha en 2020 para&hellip; <\/p>\n","protected":false},"author":7,"featured_media":47053,"comment_status":"closed","ping_status":"closed","sticky":false,"template":"","format":"standard","meta":{"footnotes":""},"categories":[46],"tags":[],"class_list":["post-47052","post","type-post","status-publish","format-standard","has-post-thumbnail","hentry","category-cultura"],"_links":{"self":[{"href":"https:\/\/ciudadtrujillo.com\/index.php?rest_route=\/wp\/v2\/posts\/47052","targetHints":{"allow":["GET"]}}],"collection":[{"href":"https:\/\/ciudadtrujillo.com\/index.php?rest_route=\/wp\/v2\/posts"}],"about":[{"href":"https:\/\/ciudadtrujillo.com\/index.php?rest_route=\/wp\/v2\/types\/post"}],"author":[{"embeddable":true,"href":"https:\/\/ciudadtrujillo.com\/index.php?rest_route=\/wp\/v2\/users\/7"}],"replies":[{"embeddable":true,"href":"https:\/\/ciudadtrujillo.com\/index.php?rest_route=%2Fwp%2Fv2%2Fcomments&post=47052"}],"version-history":[{"count":1,"href":"https:\/\/ciudadtrujillo.com\/index.php?rest_route=\/wp\/v2\/posts\/47052\/revisions"}],"predecessor-version":[{"id":47054,"href":"https:\/\/ciudadtrujillo.com\/index.php?rest_route=\/wp\/v2\/posts\/47052\/revisions\/47054"}],"wp:featuredmedia":[{"embeddable":true,"href":"https:\/\/ciudadtrujillo.com\/index.php?rest_route=\/wp\/v2\/media\/47053"}],"wp:attachment":[{"href":"https:\/\/ciudadtrujillo.com\/index.php?rest_route=%2Fwp%2Fv2%2Fmedia&parent=47052"}],"wp:term":[{"taxonomy":"category","embeddable":true,"href":"https:\/\/ciudadtrujillo.com\/index.php?rest_route=%2Fwp%2Fv2%2Fcategories&post=47052"},{"taxonomy":"post_tag","embeddable":true,"href":"https:\/\/ciudadtrujillo.com\/index.php?rest_route=%2Fwp%2Fv2%2Ftags&post=47052"}],"curies":[{"name":"wp","href":"https:\/\/api.w.org\/{rel}","templated":true}]}}