{"id":47043,"date":"2025-08-31T21:11:00","date_gmt":"2025-09-01T01:11:00","guid":{"rendered":"https:\/\/ciudadtrujillo.com\/?p=47043"},"modified":"2025-08-31T21:11:00","modified_gmt":"2025-09-01T01:11:00","slug":"ministro-padrino-lopez-vamos-a-luchar-si-se-atreven-a-poner-un-pie-sobre-venezuela","status":"publish","type":"post","link":"https:\/\/ciudadtrujillo.com\/?p=47043","title":{"rendered":"Ministro Padrino L\u00f3pez: Vamos a luchar si se atreven a poner un pie sobre Venezuela"},"content":{"rendered":"<p style=\"text-align: justify;\">\u201cLe digo a los imperialistas del norte, estamos prepar\u00e1ndonos y vamos a luchar si ustedes se atreven a poner un pie en Venezuela\u201d, asegur\u00f3 el vicepresidente sectorial de Soberan\u00eda Pol\u00edtica, Seguridad y Paz, G\/J Vladimir Padrino L\u00f3pez, tras destacar el \u00e9xito en la Jornada Nacional de Alistamiento Militar que se realiz\u00f3 durante los d\u00edas 23, 24, 29 y 30 de agosto en el pa\u00eds.<\/p>\n<p style=\"text-align: justify;\">Ante los incesantes ataques del imperio norteamericano, precis\u00f3 que Venezuela se prepara para hacer frente a cualquier amenaza, de cualquier magnitud. Asimismo, manifest\u00f3 que el pueblo tiene plena conciencia patri\u00f3tica para velar por los intereses nacionales.<\/p>\n<p style=\"text-align: justify;\">En ese sentido, reiter\u00f3 que el asedio imperial contra la naci\u00f3n ha servido para fortalecer la Revoluci\u00f3n Bolivariana y consolidar la conciencia patri\u00f3tica de la poblaci\u00f3n venezolana. \u00abEl asedio ha servido para fortalecernos, para prepararnos m\u00e1s, ya con aquella misi\u00f3n clara que nos dej\u00f3 el Comandante Ch\u00e1vez (\u2026) todo lo que hizo para prepararnos para momentos como estos, de esta coyuntura que estamos pasando cuando el imperio norteamericano ha alzado su voz para amedrentar\u201d, dijo.<\/p>\n<p style=\"text-align: justify;\">Padrino L\u00f3pez responsabiliz\u00f3 a sectores de la ultraderecha de haber promovido estas acciones, que han herido profundamente al pa\u00eds con sanciones groseras y bloqueos que tambi\u00e9n han sido utilizados contra otras naciones como Dinamarca \u2014para hacerse con el control de Groenlandia\u2014, Canad\u00e1 y Panam\u00e1, todo esto con un solo objetivo: apoderarse del mar Caribe y establecer su hegemon\u00eda.<\/p>\n<p style=\"text-align: justify;\">\u201cEso es lo que quieren algunos sectores, afortunadamente reducidos, que han propiciado toda esta situaci\u00f3n de sanciones, de asedio contra la patria, que han llevado a nuestro pa\u00eds a herirlo con sus sanciones groseras, vulgares, para repetir los escenarios globales\u00bb, se\u00f1al\u00f3.<\/p>\n<p style=\"text-align: justify;\">Al respecto, hizo un llamado a la comunidad internacional para que respete la soberan\u00eda de Venezuela, as\u00ed como tambi\u00e9n al derecho internacional. En el orden interno, sostuvo que no hay espacio para la desuni\u00f3n. \u00abVamos al combate por nuestra verdad\u00bb, concluy\u00f3.<\/p>\n<h6><\/h6>\n<h6>VTV<\/h6>\n","protected":false},"excerpt":{"rendered":"<p>\u201cLe digo a los imperialistas del norte, estamos prepar\u00e1ndonos y vamos a luchar si ustedes se atreven a poner un pie en Venezuela\u201d, asegur\u00f3 el vicepresidente sectorial de Soberan\u00eda Pol\u00edtica,&hellip; <\/p>\n","protected":false},"author":7,"featured_media":47044,"comment_status":"closed","ping_status":"closed","sticky":false,"template":"","format":"standard","meta":{"footnotes":""},"categories":[41],"tags":[],"class_list":["post-47043","post","type-post","status-publish","format-standard","has-post-thumbnail","hentry","category-pais"],"_links":{"self":[{"href":"https:\/\/ciudadtrujillo.com\/index.php?rest_route=\/wp\/v2\/posts\/47043","targetHints":{"allow":["GET"]}}],"collection":[{"href":"https:\/\/ciudadtrujillo.com\/index.php?rest_route=\/wp\/v2\/posts"}],"about":[{"href":"https:\/\/ciudadtrujillo.com\/index.php?rest_route=\/wp\/v2\/types\/post"}],"author":[{"embeddable":true,"href":"https:\/\/ciudadtrujillo.com\/index.php?rest_route=\/wp\/v2\/users\/7"}],"replies":[{"embeddable":true,"href":"https:\/\/ciudadtrujillo.com\/index.php?rest_route=%2Fwp%2Fv2%2Fcomments&post=47043"}],"version-history":[{"count":1,"href":"https:\/\/ciudadtrujillo.com\/index.php?rest_route=\/wp\/v2\/posts\/47043\/revisions"}],"predecessor-version":[{"id":47045,"href":"https:\/\/ciudadtrujillo.com\/index.php?rest_route=\/wp\/v2\/posts\/47043\/revisions\/47045"}],"wp:featuredmedia":[{"embeddable":true,"href":"https:\/\/ciudadtrujillo.com\/index.php?rest_route=\/wp\/v2\/media\/47044"}],"wp:attachment":[{"href":"https:\/\/ciudadtrujillo.com\/index.php?rest_route=%2Fwp%2Fv2%2Fmedia&parent=47043"}],"wp:term":[{"taxonomy":"category","embeddable":true,"href":"https:\/\/ciudadtrujillo.com\/index.php?rest_route=%2Fwp%2Fv2%2Fcategories&post=47043"},{"taxonomy":"post_tag","embeddable":true,"href":"https:\/\/ciudadtrujillo.com\/index.php?rest_route=%2Fwp%2Fv2%2Ftags&post=47043"}],"curies":[{"name":"wp","href":"https:\/\/api.w.org\/{rel}","templated":true}]}}