{"id":47038,"date":"2025-08-31T21:04:53","date_gmt":"2025-09-01T01:04:53","guid":{"rendered":"https:\/\/ciudadtrujillo.com\/?p=47038"},"modified":"2025-08-31T21:04:53","modified_gmt":"2025-09-01T01:04:53","slug":"inaugurada-nueva-sede-del-mincomercio-y-entes-adscritos-en-valera","status":"publish","type":"post","link":"https:\/\/ciudadtrujillo.com\/?p=47038","title":{"rendered":"Inaugurada nueva sede del MinComercio y entes adscritos en Valera"},"content":{"rendered":"<p style=\"text-align: justify;\">Para afinar la atenci\u00f3n al p\u00fablico y a su vez reivindicar a la clase trabajadora, el ministro de Comercio Nacional, Luis Villegas, junto al mandatario regional Gerardo M\u00e1rquez, inaugur\u00f3 la nueva sede de esta cartera en el Despacho del Gobernador de Valera.<\/p>\n<p style=\"text-align: justify;\">En esta nueva sede funcionar\u00e1n entes adscritos como el Servicio Desconcentrado de Normalizaci\u00f3n, Calidad, Metrolog\u00eda y Reglamentos T\u00e9cnicos (Sencamer), la Superintendencia Nacional para la Defensa de los Derechos Socioecon\u00f3micos (Sundde) y el Servicio Aut\u00f3nomo de la Propiedad Intelectual (Sapi), adem\u00e1s del mismo MinComercio. Villegas agradeci\u00f3 al gobernador por ceder estos espacios en los que ahora estar\u00e1n estas instituciones prestas a realizar el trabajo diario y atender al pueblo. A\u00f1adi\u00f3 que cumpliendo la instrucci\u00f3n del Presidente Nicol\u00e1s Maduro de mejorar las condiciones de los trabajadores se habilit\u00f3 este espacio con el mobiliario necesario.<\/p>\n<p style=\"text-align: justify;\">Por su parte Marwin Paredes, trabajador de Sencamer, agradeci\u00f3 al Presidente Maduro por este logro. Reiter\u00f3 que est\u00e1n a disposici\u00f3n de los ciudadanos en horario de oficina de lunes a viernes desde las 8 de la ma\u00f1ana hasta las 4 de la tarde.<\/p>\n<h6 style=\"text-align: justify;\"><\/h6>\n<h6>Eliph Catalina Fern\u00e1ndez<br \/>\nGr\u00e1ficas: DGPG<\/h6>\n","protected":false},"excerpt":{"rendered":"<p>Para afinar la atenci\u00f3n al p\u00fablico y a su vez reivindicar a la clase trabajadora, el ministro de Comercio Nacional, Luis Villegas, junto al mandatario regional Gerardo M\u00e1rquez, inaugur\u00f3 la&hellip; <\/p>\n","protected":false},"author":7,"featured_media":47039,"comment_status":"closed","ping_status":"closed","sticky":false,"template":"","format":"standard","meta":{"footnotes":""},"categories":[40],"tags":[],"class_list":["post-47038","post","type-post","status-publish","format-standard","has-post-thumbnail","hentry","category-grantrujillo"],"_links":{"self":[{"href":"https:\/\/ciudadtrujillo.com\/index.php?rest_route=\/wp\/v2\/posts\/47038","targetHints":{"allow":["GET"]}}],"collection":[{"href":"https:\/\/ciudadtrujillo.com\/index.php?rest_route=\/wp\/v2\/posts"}],"about":[{"href":"https:\/\/ciudadtrujillo.com\/index.php?rest_route=\/wp\/v2\/types\/post"}],"author":[{"embeddable":true,"href":"https:\/\/ciudadtrujillo.com\/index.php?rest_route=\/wp\/v2\/users\/7"}],"replies":[{"embeddable":true,"href":"https:\/\/ciudadtrujillo.com\/index.php?rest_route=%2Fwp%2Fv2%2Fcomments&post=47038"}],"version-history":[{"count":1,"href":"https:\/\/ciudadtrujillo.com\/index.php?rest_route=\/wp\/v2\/posts\/47038\/revisions"}],"predecessor-version":[{"id":47040,"href":"https:\/\/ciudadtrujillo.com\/index.php?rest_route=\/wp\/v2\/posts\/47038\/revisions\/47040"}],"wp:featuredmedia":[{"embeddable":true,"href":"https:\/\/ciudadtrujillo.com\/index.php?rest_route=\/wp\/v2\/media\/47039"}],"wp:attachment":[{"href":"https:\/\/ciudadtrujillo.com\/index.php?rest_route=%2Fwp%2Fv2%2Fmedia&parent=47038"}],"wp:term":[{"taxonomy":"category","embeddable":true,"href":"https:\/\/ciudadtrujillo.com\/index.php?rest_route=%2Fwp%2Fv2%2Fcategories&post=47038"},{"taxonomy":"post_tag","embeddable":true,"href":"https:\/\/ciudadtrujillo.com\/index.php?rest_route=%2Fwp%2Fv2%2Ftags&post=47038"}],"curies":[{"name":"wp","href":"https:\/\/api.w.org\/{rel}","templated":true}]}}