{"id":46743,"date":"2025-08-20T20:52:45","date_gmt":"2025-08-21T00:52:45","guid":{"rendered":"https:\/\/ciudadtrujillo.com\/?p=46743"},"modified":"2025-08-20T20:52:45","modified_gmt":"2025-08-21T00:52:45","slug":"celso-amorim-expresa-preocupacion-por-presencia-militar-de-ee-uu-frente-a-venezuela","status":"publish","type":"post","link":"https:\/\/ciudadtrujillo.com\/?p=46743","title":{"rendered":"Celso Amorim expresa preocupaci\u00f3n por presencia militar de EE. UU. frente a Venezuela"},"content":{"rendered":"<p style=\"text-align: justify;\">El asesor especial para Asuntos Internacionales de la Presidencia de Brasil, Celso Amorim, expres\u00f3 su inquietud este mi\u00e9rcoles por el movimiento de tres buques de guerra estadounidenses en el mar Caribe, cerca de las aguas territoriales de Venezuela.<\/p>\n<p style=\"text-align: justify;\">El diplom\u00e1tico de gran trayectoria y excanciller de Brasil manifest\u00f3 su preocupaci\u00f3n en una audiencia de la Comisi\u00f3n de Relaciones Exteriores de la C\u00e1mara de Diputados de Brasil.<\/p>\n<p style=\"text-align: justify;\">El funcionario subray\u00f3 que el principio de no intervenci\u00f3n es un pilar fundamental de la pol\u00edtica exterior del pa\u00eds amaz\u00f3nico, y considera que el despliegue militar norteamericano podr\u00eda acarrear riesgos.<\/p>\n<p style=\"text-align: justify;\">Amorim enfatiz\u00f3 que el combate al crimen organizado y la justificaci\u00f3n de la movilizaci\u00f3n deben realizarse mediante la cooperaci\u00f3n entre naciones y no a trav\u00e9s de intervenciones unilaterales.<\/p>\n<p>&nbsp;<\/p>\n<h6>VTV<\/h6>\n","protected":false},"excerpt":{"rendered":"<p>El asesor especial para Asuntos Internacionales de la Presidencia de Brasil, Celso Amorim, expres\u00f3 su inquietud este mi\u00e9rcoles por el movimiento de tres buques de guerra estadounidenses en el mar&hellip; <\/p>\n","protected":false},"author":7,"featured_media":46744,"comment_status":"closed","ping_status":"closed","sticky":false,"template":"","format":"standard","meta":{"footnotes":""},"categories":[42],"tags":[],"class_list":["post-46743","post","type-post","status-publish","format-standard","has-post-thumbnail","hentry","category-mundo"],"_links":{"self":[{"href":"https:\/\/ciudadtrujillo.com\/index.php?rest_route=\/wp\/v2\/posts\/46743","targetHints":{"allow":["GET"]}}],"collection":[{"href":"https:\/\/ciudadtrujillo.com\/index.php?rest_route=\/wp\/v2\/posts"}],"about":[{"href":"https:\/\/ciudadtrujillo.com\/index.php?rest_route=\/wp\/v2\/types\/post"}],"author":[{"embeddable":true,"href":"https:\/\/ciudadtrujillo.com\/index.php?rest_route=\/wp\/v2\/users\/7"}],"replies":[{"embeddable":true,"href":"https:\/\/ciudadtrujillo.com\/index.php?rest_route=%2Fwp%2Fv2%2Fcomments&post=46743"}],"version-history":[{"count":1,"href":"https:\/\/ciudadtrujillo.com\/index.php?rest_route=\/wp\/v2\/posts\/46743\/revisions"}],"predecessor-version":[{"id":46745,"href":"https:\/\/ciudadtrujillo.com\/index.php?rest_route=\/wp\/v2\/posts\/46743\/revisions\/46745"}],"wp:featuredmedia":[{"embeddable":true,"href":"https:\/\/ciudadtrujillo.com\/index.php?rest_route=\/wp\/v2\/media\/46744"}],"wp:attachment":[{"href":"https:\/\/ciudadtrujillo.com\/index.php?rest_route=%2Fwp%2Fv2%2Fmedia&parent=46743"}],"wp:term":[{"taxonomy":"category","embeddable":true,"href":"https:\/\/ciudadtrujillo.com\/index.php?rest_route=%2Fwp%2Fv2%2Fcategories&post=46743"},{"taxonomy":"post_tag","embeddable":true,"href":"https:\/\/ciudadtrujillo.com\/index.php?rest_route=%2Fwp%2Fv2%2Ftags&post=46743"}],"curies":[{"name":"wp","href":"https:\/\/api.w.org\/{rel}","templated":true}]}}